{"id":63158,"date":"2023-09-05T09:00:45","date_gmt":"2023-09-05T07:00:45","guid":{"rendered":"https:\/\/www.immo-invest.ch\/zuercher-kantonsparlament-stimmt-pistenverlaengerung-zu\/"},"modified":"2023-09-05T09:14:06","modified_gmt":"2023-09-05T07:14:06","slug":"zuercher-kantonsparlament-stimmt-pistenverlaengerung-zu","status":"publish","type":"post","link":"https:\/\/www.immo-invest.ch\/en\/zuercher-kantonsparlament-stimmt-pistenverlaengerung-zu\/","title":{"rendered":"Zurich cantonal parliament approves runway extension"},"content":{"rendered":"<p class=\"bodytext\"><a href=\"https:\/\/www.flughafen-zuerich.ch\/\" target=\"_blank\" rel=\"noopener\">Flughafen Z&uuml;rich AG<\/a> wants to extend Runway 28 by 400 metres to the west and Runway 32 by 280 metres to the north. With this <a href=\"https:\/\/www.flughafen-zuerich.ch\/de\/unternehmen\/flughafen-zuerich\/flughafen-entwicklung\/aktuelle-bauprojekte\/pistenverlaengerungen-28-und-32\" target=\"_blank\" rel=\"noopener\">project<\/a>, the airport wants to implement the conclusions of the 2012 safety review of Zurich Airport<a href=\"https:\/\/www.admin.ch\/gov\/de\/start\/dokumentation\/medienmitteilungen.msg-id-47862.html\" target=\"_blank\" rel=\"noopener\">(S&Uuml;FZ<\/a>) by the <a href=\"https:\/\/www.admin.ch\/gov\/de\/start\/dokumentation\/medienmitteilungen.msg-id-47862.html\" target=\"_blank\" rel=\"noopener\">Federal Office of Civil Aviation<\/a>. The extension of the runways is intended to increase the stability of air traffic in all weather conditions and for all types of aircraft.<\/p>\n<p class=\"bodytext\">According to a <a href=\"https:\/\/www.kantonsrat.zh.ch\/\" target=\"_blank\" rel=\"noopener\">press release<\/a>, the Zurich Cantonal Council approved the extension on 28 August with a narrow majority of 87 to 83 votes, with two abstentions. The SVP, FDP, Mitte and EVP voted in favour of the proposal, while the other parties rejected it.<\/p>\n<p class=\"bodytext\">Zurich Airport is pleased with the decision, as it writes in a <a href=\"https:\/\/www.flughafen-zuerich.ch\/newsroom\/ja-zu-den-pistenverlaengerungen--wichtiges-signal-aus-dem-kantonsrat\/\" target=\"_blank\" rel=\"noopener\">statement<\/a>. The longer runways would increase braking distances and reduce crossing points on the ground and in the air. More stable operations would reduce the number of delays as well as those affected by aircraft noise. &ldquo;There are no alternative measures in flight operations that would bring the same improvements in terms of safety and reduction of delays,&rdquo; the statement says. The number of flight movements, on the other hand, would remain the same.<\/p>\n<p class=\"bodytext\">The Zurich Chamber of Commerce<a href=\"https:\/\/www.zhk.ch\/\" target=\"_blank\" rel=\"noopener\">(ZHK<\/a>) also welcomes the decision of the cantonal council. &ldquo;Zurich Airport is of great economic importance for the greater Zurich area and for the entire country,&rdquo; it writes in a <a href=\"https:\/\/www.zhk.ch\/de\/wirtschaft-und-politik\/news\/der-zuercher-kantonsrat-anerkennt-die-wichtigkeit-der-pistenverlaengerungen-am-flughafen-zuerich.html\" target=\"_blank\" rel=\"noopener\">statement<\/a>. &ldquo;To ensure Zurich&rsquo;s international connectivity with the world in the long term, the airport must be able to adapt to changing circumstances.&rdquo; ZHK Director Regine Sauter had already campaigned <a href=\"https:\/\/youtu.be\/DMXVQAjSlw8\" target=\"_blank\" rel=\"noopener\">in<\/a> advance for approval by the cantonal parliament. &ldquo;The runway extensions bring multiple benefits: Residents benefit from more peace and quiet at night, and Zurich as a business location can count on a punctual airport and reliable connections to the world in the long term,&rdquo; she is now quoted as saying in the ZHK release.<\/p>\n<p class=\"bodytext\">The cantonal council&rsquo;s decision is subject to an optional referendum, so the electorate is likely to have the final say. Only then can the airport submit an application for planning permission to the federal government.<\/p>\n","protected":false},"excerpt":{"rendered":"<p>The Zurich cantonal parliament has approved the extension of the runways at Zurich Airport with a narrow conservative majority. In doing so, the airport aims to increase the safety of air traffic. The Zurich Chamber of Commerce welcomes the decision. The electorate is likely to have the final say.<\/p>\n","protected":false},"author":2,"featured_media":26822,"comment_status":"open","ping_status":"open","sticky":false,"template":"","format":"standard","meta":{"pmpro_default_level":"","inline_featured_image":false,"_monsterinsights_skip_tracking":false,"footnotes":""},"categories":[12476,22702],"tags":[20176,18351,41917,37071,12859,20605,13875,37560,13340,13601],"class_list":["post-63158","post","type-post","status-publish","format-standard","has-post-thumbnail","hentry","category-immonews","category-mobility","tag-abstimmung-en","tag-flughafen-en","tag-fluglaerm-en","tag-flugzeug-en","tag-infrastruktur-en","tag-luft-en","tag-oeffentlicher-verkehr-en","tag-pistenverlaengerung-en","tag-sicherheit-en","tag-verkehr-en","pmpro-has-access"],"acf":{"bild_mit_ki_erstellt_worden":[],"lead":"The Zurich cantonal parliament has approved the extension of the runways at Zurich Airport with a narrow conservative majority. In doing so, the airport aims to increase the safety of air traffic. The Zurich Chamber of Commerce welcomes the decision. The electorate is likely to have the final say.","autor":"ce\/stk","ort":"Z\u00fcrich ","bildunterschrift":"","bild_im_grid":false,"gallerie":"","newsim":""},"aioseo_notices":[],"aioseo_head":"\n\t\t<!-- All in One SEO 5.0.1.1 - aioseo.com -->\n\t<meta name=\"description\" content=\"The Zurich cantonal parliament has approved the extension of the runways at Zurich Airport with a narrow conservative majority. In doing so, the airport aims to increase the safety of air traffic. The Zurich Chamber of Commerce welcomes the decision. The electorate is likely to have the final say.\" \/>\n\t<meta name=\"robots\" content=\"max-image-preview:large\" \/>\n\t<meta name=\"author\" content=\"immovestuser\"\/>\n\t<meta name=\"google-site-verification\" content=\"fHJKvgWpZCR2zVBHWfkQeFXC11qieUSff0HGNYfuyLA\" \/>\n\t<link rel=\"canonical\" href=\"https:\/\/www.immo-invest.ch\/en\/zuercher-kantonsparlament-stimmt-pistenverlaengerung-zu\/\" \/>\n\t<meta name=\"generator\" content=\"All in One SEO (AIOSEO) 5.0.1.1\" \/>\n\t\t<meta property=\"og:locale\" content=\"en_US\" \/>\n\t\t<meta property=\"og:site_name\" content=\"immo!nvest - Die Plattform f\u00fcr Standorte und Immobilien - Die\u00a0Plattform f\u00fcr Standorte und Immobilien\" \/>\n\t\t<meta property=\"og:type\" content=\"article\" \/>\n\t\t<meta property=\"og:title\" content=\"Zurich cantonal parliament approves runway extension - immo!nvest - Die Plattform f\u00fcr Standorte und Immobilien\" \/>\n\t\t<meta property=\"og:description\" content=\"The Zurich cantonal parliament has approved the extension of the runways at Zurich Airport with a narrow conservative majority. In doing so, the airport aims to increase the safety of air traffic. The Zurich Chamber of Commerce welcomes the decision. The electorate is likely to have the final say.\" \/>\n\t\t<meta property=\"og:url\" content=\"https:\/\/www.immo-invest.ch\/en\/zuercher-kantonsparlament-stimmt-pistenverlaengerung-zu\/\" \/>\n\t\t<meta property=\"og:image\" content=\"https:\/\/www.immo-invest.ch\/wp-content\/uploads\/2020\/12\/reisen.png\" \/>\n\t\t<meta property=\"og:image:secure_url\" content=\"https:\/\/www.immo-invest.ch\/wp-content\/uploads\/2020\/12\/reisen.png\" \/>\n\t\t<meta property=\"og:image:width\" content=\"1200\" \/>\n\t\t<meta property=\"og:image:height\" content=\"628\" \/>\n\t\t<meta property=\"article:published_time\" content=\"2023-09-05T07:00:45+00:00\" \/>\n\t\t<meta property=\"article:modified_time\" content=\"2023-09-05T07:14:06+00:00\" \/>\n\t\t<meta property=\"article:publisher\" content=\"https:\/\/www.facebook.com\/people\/Immoinvest\/100077962920504\/\" \/>\n\t\t<meta name=\"twitter:card\" content=\"summary_large_image\" \/>\n\t\t<meta name=\"twitter:site\" content=\"@i\" \/>\n\t\t<meta name=\"twitter:title\" content=\"Zurich cantonal parliament approves runway extension - immo!nvest - Die Plattform f\u00fcr Standorte und Immobilien\" \/>\n\t\t<meta name=\"twitter:description\" content=\"The Zurich cantonal parliament has approved the extension of the runways at Zurich Airport with a narrow conservative majority. In doing so, the airport aims to increase the safety of air traffic. The Zurich Chamber of Commerce welcomes the decision. The electorate is likely to have the final say.\" \/>\n\t\t<meta name=\"twitter:creator\" content=\"@i\" \/>\n\t\t<meta name=\"twitter:image\" content=\"https:\/\/www.immo-invest.ch\/wp-content\/uploads\/2020\/12\/reisen.png\" \/>\n\t\t<script type=\"application\/ld+json\" class=\"aioseo-schema\">\n\t\t\t{\"@context\":\"https:\\\/\\\/schema.org\",\"@graph\":[{\"@type\":\"BlogPosting\",\"@id\":\"https:\\\/\\\/www.immo-invest.ch\\\/en\\\/zuercher-kantonsparlament-stimmt-pistenverlaengerung-zu\\\/#blogposting\",\"name\":\"Zurich cantonal parliament approves runway extension - immo!nvest - Die Plattform f\\u00fcr Standorte und Immobilien\",\"headline\":\"Zurich cantonal parliament approves runway extension\",\"author\":{\"@id\":\"https:\\\/\\\/www.immo-invest.ch\\\/en\\\/author\\\/immovestuser\\\/#author\"},\"publisher\":{\"@id\":\"https:\\\/\\\/www.immo-invest.ch\\\/en\\\/#organization\"},\"image\":{\"@type\":\"ImageObject\",\"url\":\"https:\\\/\\\/www.immo-invest.ch\\\/wp-content\\\/uploads\\\/2020\\\/12\\\/reisen.png\",\"width\":1200,\"height\":628},\"datePublished\":\"2023-09-05T09:00:45+02:00\",\"dateModified\":\"2023-09-05T09:14:06+02:00\",\"inLanguage\":\"en-US\",\"mainEntityOfPage\":{\"@id\":\"https:\\\/\\\/www.immo-invest.ch\\\/en\\\/zuercher-kantonsparlament-stimmt-pistenverlaengerung-zu\\\/#webpage\"},\"isPartOf\":{\"@id\":\"https:\\\/\\\/www.immo-invest.ch\\\/en\\\/zuercher-kantonsparlament-stimmt-pistenverlaengerung-zu\\\/#webpage\"},\"articleSection\":\"immoNews, Mobility, Abstimmung, Flughafen, Flugl\\u00e4rm, Flugzeug, Infrastruktur, Luft, \\u00d6ffentlicher Verkehr, Pistenverl\\u00e4ngerung, Sicherheit, Verkehr, Optional\"},{\"@type\":\"BreadcrumbList\",\"@id\":\"https:\\\/\\\/www.immo-invest.ch\\\/en\\\/zuercher-kantonsparlament-stimmt-pistenverlaengerung-zu\\\/#breadcrumblist\",\"itemListElement\":[{\"@type\":\"ListItem\",\"@id\":\"https:\\\/\\\/www.immo-invest.ch\\\/en\\\/#listItem\",\"position\":1,\"name\":\"Home\",\"item\":\"https:\\\/\\\/www.immo-invest.ch\\\/en\\\/\",\"nextItem\":{\"@type\":\"ListItem\",\"@id\":\"https:\\\/\\\/www.immo-invest.ch\\\/en\\\/category\\\/trends-en\\\/#listItem\",\"name\":\"Trends\"}},{\"@type\":\"ListItem\",\"@id\":\"https:\\\/\\\/www.immo-invest.ch\\\/en\\\/category\\\/trends-en\\\/#listItem\",\"position\":2,\"name\":\"Trends\",\"item\":\"https:\\\/\\\/www.immo-invest.ch\\\/en\\\/category\\\/trends-en\\\/\",\"nextItem\":{\"@type\":\"ListItem\",\"@id\":\"https:\\\/\\\/www.immo-invest.ch\\\/en\\\/category\\\/trends-en\\\/mobility\\\/#listItem\",\"name\":\"Mobility\"},\"previousItem\":{\"@type\":\"ListItem\",\"@id\":\"https:\\\/\\\/www.immo-invest.ch\\\/en\\\/#listItem\",\"name\":\"Home\"}},{\"@type\":\"ListItem\",\"@id\":\"https:\\\/\\\/www.immo-invest.ch\\\/en\\\/category\\\/trends-en\\\/mobility\\\/#listItem\",\"position\":3,\"name\":\"Mobility\",\"item\":\"https:\\\/\\\/www.immo-invest.ch\\\/en\\\/category\\\/trends-en\\\/mobility\\\/\",\"nextItem\":{\"@type\":\"ListItem\",\"@id\":\"https:\\\/\\\/www.immo-invest.ch\\\/en\\\/zuercher-kantonsparlament-stimmt-pistenverlaengerung-zu\\\/#listItem\",\"name\":\"Zurich cantonal parliament approves runway extension\"},\"previousItem\":{\"@type\":\"ListItem\",\"@id\":\"https:\\\/\\\/www.immo-invest.ch\\\/en\\\/category\\\/trends-en\\\/#listItem\",\"name\":\"Trends\"}},{\"@type\":\"ListItem\",\"@id\":\"https:\\\/\\\/www.immo-invest.ch\\\/en\\\/zuercher-kantonsparlament-stimmt-pistenverlaengerung-zu\\\/#listItem\",\"position\":4,\"name\":\"Zurich cantonal parliament approves runway extension\",\"previousItem\":{\"@type\":\"ListItem\",\"@id\":\"https:\\\/\\\/www.immo-invest.ch\\\/en\\\/category\\\/trends-en\\\/mobility\\\/#listItem\",\"name\":\"Mobility\"}}]},{\"@type\":\"Organization\",\"@id\":\"https:\\\/\\\/www.immo-invest.ch\\\/en\\\/#organization\",\"name\":\"immo!nvest - Die Plattform f\\u00fcr Standorte und Immobilien\",\"description\":\"Die\\u00a0Plattform f\\u00fcr Standorte und Immobilien\",\"url\":\"https:\\\/\\\/www.immo-invest.ch\\\/en\\\/\",\"email\":\"admin@immomedia.ag\",\"telephone\":\"+41444420002\",\"logo\":{\"@type\":\"ImageObject\",\"url\":\"https:\\\/\\\/www.immo-invest.ch\\\/wp-content\\\/uploads\\\/2024\\\/09\\\/immoinvest_sm-scaled.jpg\",\"@id\":\"https:\\\/\\\/www.immo-invest.ch\\\/en\\\/zuercher-kantonsparlament-stimmt-pistenverlaengerung-zu\\\/#organizationLogo\",\"width\":2560,\"height\":1340},\"image\":{\"@id\":\"https:\\\/\\\/www.immo-invest.ch\\\/en\\\/zuercher-kantonsparlament-stimmt-pistenverlaengerung-zu\\\/#organizationLogo\"},\"sameAs\":[\"https:\\\/\\\/www.facebook.com\\\/people\\\/Immoinvest\\\/100077962920504\\\/\",\"https:\\\/\\\/x.com\\\/i\\\/flow\\\/login?redirect_after_login=immoinvest_ch\",\"https:\\\/\\\/www.instagram.com\\\/immoinvest_ch\\\/\",\"https:\\\/\\\/www.linkedin.com\\\/company\\\/immoinvest-swiss\"]},{\"@type\":\"Person\",\"@id\":\"https:\\\/\\\/www.immo-invest.ch\\\/en\\\/author\\\/immovestuser\\\/#author\",\"url\":\"https:\\\/\\\/www.immo-invest.ch\\\/en\\\/author\\\/immovestuser\\\/\",\"name\":\"immovestuser\",\"image\":{\"@type\":\"ImageObject\",\"@id\":\"https:\\\/\\\/www.immo-invest.ch\\\/en\\\/zuercher-kantonsparlament-stimmt-pistenverlaengerung-zu\\\/#authorImage\",\"url\":\"https:\\\/\\\/secure.gravatar.com\\\/avatar\\\/8e01f4d99f2eeea7a362ebb93305e1172a70e9293ba250f897a65c39f54cdd1e?s=96&d=mm&r=g\",\"width\":96,\"height\":96,\"caption\":\"immovestuser\"}},{\"@type\":\"WebPage\",\"@id\":\"https:\\\/\\\/www.immo-invest.ch\\\/en\\\/zuercher-kantonsparlament-stimmt-pistenverlaengerung-zu\\\/#webpage\",\"url\":\"https:\\\/\\\/www.immo-invest.ch\\\/en\\\/zuercher-kantonsparlament-stimmt-pistenverlaengerung-zu\\\/\",\"name\":\"Zurich cantonal parliament approves runway extension - immo!nvest - Die Plattform f\\u00fcr Standorte und Immobilien\",\"description\":\"The Zurich cantonal parliament has approved the extension of the runways at Zurich Airport with a narrow conservative majority. In doing so, the airport aims to increase the safety of air traffic. The Zurich Chamber of Commerce welcomes the decision. The electorate is likely to have the final say.\",\"inLanguage\":\"en-US\",\"isPartOf\":{\"@id\":\"https:\\\/\\\/www.immo-invest.ch\\\/en\\\/#website\"},\"breadcrumb\":{\"@id\":\"https:\\\/\\\/www.immo-invest.ch\\\/en\\\/zuercher-kantonsparlament-stimmt-pistenverlaengerung-zu\\\/#breadcrumblist\"},\"author\":{\"@id\":\"https:\\\/\\\/www.immo-invest.ch\\\/en\\\/author\\\/immovestuser\\\/#author\"},\"creator\":{\"@id\":\"https:\\\/\\\/www.immo-invest.ch\\\/en\\\/author\\\/immovestuser\\\/#author\"},\"image\":{\"@type\":\"ImageObject\",\"url\":\"https:\\\/\\\/www.immo-invest.ch\\\/wp-content\\\/uploads\\\/2020\\\/12\\\/reisen.png\",\"@id\":\"https:\\\/\\\/www.immo-invest.ch\\\/en\\\/zuercher-kantonsparlament-stimmt-pistenverlaengerung-zu\\\/#mainImage\",\"width\":1200,\"height\":628},\"primaryImageOfPage\":{\"@id\":\"https:\\\/\\\/www.immo-invest.ch\\\/en\\\/zuercher-kantonsparlament-stimmt-pistenverlaengerung-zu\\\/#mainImage\"},\"datePublished\":\"2023-09-05T09:00:45+02:00\",\"dateModified\":\"2023-09-05T09:14:06+02:00\"},{\"@type\":\"WebSite\",\"@id\":\"https:\\\/\\\/www.immo-invest.ch\\\/en\\\/#website\",\"url\":\"https:\\\/\\\/www.immo-invest.ch\\\/en\\\/\",\"name\":\"immo!nvest - Die Plattform f\\u00fcr Standorte und Immobilien\",\"description\":\"Die\\u00a0Plattform f\\u00fcr Standorte und Immobilien\",\"inLanguage\":\"en-US\",\"publisher\":{\"@id\":\"https:\\\/\\\/www.immo-invest.ch\\\/en\\\/#organization\"}}]}\n\t\t<\/script>\n\t\t<!-- All in One SEO -->\n\n","aioseo_head_json":{"title":"Zurich cantonal parliament approves runway extension - immo!nvest - Die Plattform f\u00fcr Standorte und Immobilien","description":"The Zurich cantonal parliament has approved the extension of the runways at Zurich Airport with a narrow conservative majority. In doing so, the airport aims to increase the safety of air traffic. The Zurich Chamber of Commerce welcomes the decision. The electorate is likely to have the final say.","canonical_url":"https:\/\/www.immo-invest.ch\/en\/zuercher-kantonsparlament-stimmt-pistenverlaengerung-zu\/","robots":"max-image-preview:large","keywords":"","webmasterTools":{"google-site-verification":"fHJKvgWpZCR2zVBHWfkQeFXC11qieUSff0HGNYfuyLA","miscellaneous":""},"schema":{"@context":"https:\/\/schema.org","@graph":[{"@type":"BlogPosting","@id":"https:\/\/www.immo-invest.ch\/en\/zuercher-kantonsparlament-stimmt-pistenverlaengerung-zu\/#blogposting","name":"Zurich cantonal parliament approves runway extension - immo!nvest - Die Plattform f\u00fcr Standorte und Immobilien","headline":"Zurich cantonal parliament approves runway extension","author":{"@id":"https:\/\/www.immo-invest.ch\/en\/author\/immovestuser\/#author"},"publisher":{"@id":"https:\/\/www.immo-invest.ch\/en\/#organization"},"image":{"@type":"ImageObject","url":"https:\/\/www.immo-invest.ch\/wp-content\/uploads\/2020\/12\/reisen.png","width":1200,"height":628},"datePublished":"2023-09-05T09:00:45+02:00","dateModified":"2023-09-05T09:14:06+02:00","inLanguage":"en-US","mainEntityOfPage":{"@id":"https:\/\/www.immo-invest.ch\/en\/zuercher-kantonsparlament-stimmt-pistenverlaengerung-zu\/#webpage"},"isPartOf":{"@id":"https:\/\/www.immo-invest.ch\/en\/zuercher-kantonsparlament-stimmt-pistenverlaengerung-zu\/#webpage"},"articleSection":"immoNews, Mobility, Abstimmung, Flughafen, Flugl\u00e4rm, Flugzeug, Infrastruktur, Luft, \u00d6ffentlicher Verkehr, Pistenverl\u00e4ngerung, Sicherheit, Verkehr, Optional"},{"@type":"BreadcrumbList","@id":"https:\/\/www.immo-invest.ch\/en\/zuercher-kantonsparlament-stimmt-pistenverlaengerung-zu\/#breadcrumblist","itemListElement":[{"@type":"ListItem","@id":"https:\/\/www.immo-invest.ch\/en\/#listItem","position":1,"name":"Home","item":"https:\/\/www.immo-invest.ch\/en\/","nextItem":{"@type":"ListItem","@id":"https:\/\/www.immo-invest.ch\/en\/category\/trends-en\/#listItem","name":"Trends"}},{"@type":"ListItem","@id":"https:\/\/www.immo-invest.ch\/en\/category\/trends-en\/#listItem","position":2,"name":"Trends","item":"https:\/\/www.immo-invest.ch\/en\/category\/trends-en\/","nextItem":{"@type":"ListItem","@id":"https:\/\/www.immo-invest.ch\/en\/category\/trends-en\/mobility\/#listItem","name":"Mobility"},"previousItem":{"@type":"ListItem","@id":"https:\/\/www.immo-invest.ch\/en\/#listItem","name":"Home"}},{"@type":"ListItem","@id":"https:\/\/www.immo-invest.ch\/en\/category\/trends-en\/mobility\/#listItem","position":3,"name":"Mobility","item":"https:\/\/www.immo-invest.ch\/en\/category\/trends-en\/mobility\/","nextItem":{"@type":"ListItem","@id":"https:\/\/www.immo-invest.ch\/en\/zuercher-kantonsparlament-stimmt-pistenverlaengerung-zu\/#listItem","name":"Zurich cantonal parliament approves runway extension"},"previousItem":{"@type":"ListItem","@id":"https:\/\/www.immo-invest.ch\/en\/category\/trends-en\/#listItem","name":"Trends"}},{"@type":"ListItem","@id":"https:\/\/www.immo-invest.ch\/en\/zuercher-kantonsparlament-stimmt-pistenverlaengerung-zu\/#listItem","position":4,"name":"Zurich cantonal parliament approves runway extension","previousItem":{"@type":"ListItem","@id":"https:\/\/www.immo-invest.ch\/en\/category\/trends-en\/mobility\/#listItem","name":"Mobility"}}]},{"@type":"Organization","@id":"https:\/\/www.immo-invest.ch\/en\/#organization","name":"immo!nvest - Die Plattform f\u00fcr Standorte und Immobilien","description":"Die\u00a0Plattform f\u00fcr Standorte und Immobilien","url":"https:\/\/www.immo-invest.ch\/en\/","email":"admin@immomedia.ag","telephone":"+41444420002","logo":{"@type":"ImageObject","url":"https:\/\/www.immo-invest.ch\/wp-content\/uploads\/2024\/09\/immoinvest_sm-scaled.jpg","@id":"https:\/\/www.immo-invest.ch\/en\/zuercher-kantonsparlament-stimmt-pistenverlaengerung-zu\/#organizationLogo","width":2560,"height":1340},"image":{"@id":"https:\/\/www.immo-invest.ch\/en\/zuercher-kantonsparlament-stimmt-pistenverlaengerung-zu\/#organizationLogo"},"sameAs":["https:\/\/www.facebook.com\/people\/Immoinvest\/100077962920504\/","https:\/\/x.com\/i\/flow\/login?redirect_after_login=immoinvest_ch","https:\/\/www.instagram.com\/immoinvest_ch\/","https:\/\/www.linkedin.com\/company\/immoinvest-swiss"]},{"@type":"Person","@id":"https:\/\/www.immo-invest.ch\/en\/author\/immovestuser\/#author","url":"https:\/\/www.immo-invest.ch\/en\/author\/immovestuser\/","name":"immovestuser","image":{"@type":"ImageObject","@id":"https:\/\/www.immo-invest.ch\/en\/zuercher-kantonsparlament-stimmt-pistenverlaengerung-zu\/#authorImage","url":"https:\/\/secure.gravatar.com\/avatar\/8e01f4d99f2eeea7a362ebb93305e1172a70e9293ba250f897a65c39f54cdd1e?s=96&d=mm&r=g","width":96,"height":96,"caption":"immovestuser"}},{"@type":"WebPage","@id":"https:\/\/www.immo-invest.ch\/en\/zuercher-kantonsparlament-stimmt-pistenverlaengerung-zu\/#webpage","url":"https:\/\/www.immo-invest.ch\/en\/zuercher-kantonsparlament-stimmt-pistenverlaengerung-zu\/","name":"Zurich cantonal parliament approves runway extension - immo!nvest - Die Plattform f\u00fcr Standorte und Immobilien","description":"The Zurich cantonal parliament has approved the extension of the runways at Zurich Airport with a narrow conservative majority. In doing so, the airport aims to increase the safety of air traffic. The Zurich Chamber of Commerce welcomes the decision. The electorate is likely to have the final say.","inLanguage":"en-US","isPartOf":{"@id":"https:\/\/www.immo-invest.ch\/en\/#website"},"breadcrumb":{"@id":"https:\/\/www.immo-invest.ch\/en\/zuercher-kantonsparlament-stimmt-pistenverlaengerung-zu\/#breadcrumblist"},"author":{"@id":"https:\/\/www.immo-invest.ch\/en\/author\/immovestuser\/#author"},"creator":{"@id":"https:\/\/www.immo-invest.ch\/en\/author\/immovestuser\/#author"},"image":{"@type":"ImageObject","url":"https:\/\/www.immo-invest.ch\/wp-content\/uploads\/2020\/12\/reisen.png","@id":"https:\/\/www.immo-invest.ch\/en\/zuercher-kantonsparlament-stimmt-pistenverlaengerung-zu\/#mainImage","width":1200,"height":628},"primaryImageOfPage":{"@id":"https:\/\/www.immo-invest.ch\/en\/zuercher-kantonsparlament-stimmt-pistenverlaengerung-zu\/#mainImage"},"datePublished":"2023-09-05T09:00:45+02:00","dateModified":"2023-09-05T09:14:06+02:00"},{"@type":"WebSite","@id":"https:\/\/www.immo-invest.ch\/en\/#website","url":"https:\/\/www.immo-invest.ch\/en\/","name":"immo!nvest - Die Plattform f\u00fcr Standorte und Immobilien","description":"Die\u00a0Plattform f\u00fcr Standorte und Immobilien","inLanguage":"en-US","publisher":{"@id":"https:\/\/www.immo-invest.ch\/en\/#organization"}}]},"og:locale":"en_US","og:site_name":"immo!nvest - Die Plattform f\u00fcr Standorte und Immobilien - Die\u00a0Plattform f\u00fcr Standorte und Immobilien","og:type":"article","og:title":"Zurich cantonal parliament approves runway extension - immo!nvest - Die Plattform f\u00fcr Standorte und Immobilien","og:description":"The Zurich cantonal parliament has approved the extension of the runways at Zurich Airport with a narrow conservative majority. In doing so, the airport aims to increase the safety of air traffic. The Zurich Chamber of Commerce welcomes the decision. The electorate is likely to have the final say.","og:url":"https:\/\/www.immo-invest.ch\/en\/zuercher-kantonsparlament-stimmt-pistenverlaengerung-zu\/","og:image":"https:\/\/www.immo-invest.ch\/wp-content\/uploads\/2020\/12\/reisen.png","og:image:secure_url":"https:\/\/www.immo-invest.ch\/wp-content\/uploads\/2020\/12\/reisen.png","og:image:width":1200,"og:image:height":628,"article:published_time":"2023-09-05T07:00:45+00:00","article:modified_time":"2023-09-05T07:14:06+00:00","article:publisher":"https:\/\/www.facebook.com\/people\/Immoinvest\/100077962920504\/","twitter:card":"summary_large_image","twitter:site":"@i","twitter:title":"Zurich cantonal parliament approves runway extension - immo!nvest - Die Plattform f\u00fcr Standorte und Immobilien","twitter:description":"The Zurich cantonal parliament has approved the extension of the runways at Zurich Airport with a narrow conservative majority. In doing so, the airport aims to increase the safety of air traffic. The Zurich Chamber of Commerce welcomes the decision. The electorate is likely to have the final say.","twitter:creator":"@i","twitter:image":"https:\/\/www.immo-invest.ch\/wp-content\/uploads\/2020\/12\/reisen.png"},"aioseo_meta_data":{"post_id":"63158","title":null,"description":null,"keywords":null,"keyphrases":null,"primary_term":null,"canonical_url":null,"og_title":null,"og_description":null,"og_object_type":"default","og_image_type":"default","og_image_url":null,"og_image_width":null,"og_image_height":null,"og_image_custom_url":null,"og_image_custom_fields":null,"og_video":null,"og_custom_url":null,"og_article_section":null,"og_article_tags":null,"twitter_use_og":false,"twitter_card":"default","twitter_image_type":"default","twitter_image_url":null,"twitter_image_custom_url":null,"twitter_image_custom_fields":null,"twitter_title":null,"twitter_description":null,"schema":{"blockGraphs":[],"customGraphs":[],"default":{"data":{"Article":[],"Course":[],"Dataset":[],"FAQPage":[],"Movie":[],"Person":[],"Product":[],"ProductReview":[],"Car":[],"Recipe":[],"Service":[],"SoftwareApplication":[],"WebPage":[]},"graphName":"","isEnabled":true},"graphs":[]},"schema_type":"default","schema_type_options":null,"pillar_content":false,"robots_default":true,"robots_noindex":false,"robots_noarchive":false,"robots_nosnippet":false,"robots_nofollow":false,"robots_noimageindex":false,"robots_noodp":false,"robots_notranslate":false,"robots_max_snippet":null,"robots_max_videopreview":null,"robots_max_imagepreview":"large","priority":null,"frequency":null,"local_seo":null,"breadcrumb_settings":null,"limit_modified_date":false,"ai":null,"created":"2024-09-20 09:00:06","updated":"2025-10-23 14:51:13","seo_analyzer_scan_date":null,"focus_keyword":null,"additional_keywords":null,"truseo_locale":null},"aioseo_breadcrumb":"<div class=\"aioseo-breadcrumbs\"><span class=\"aioseo-breadcrumb\">\n\t\t\t<a href=\"https:\/\/www.immo-invest.ch\/en\/\" title=\"Home\">Home<\/a>\n\t\t<\/span><span class=\"aioseo-breadcrumb-separator\">&raquo;<\/span><span class=\"aioseo-breadcrumb\">\n\t\t\t<a href=\"https:\/\/www.immo-invest.ch\/en\/category\/trends-en\/\" title=\"Trends\">Trends<\/a>\n\t\t<\/span><span class=\"aioseo-breadcrumb-separator\">&raquo;<\/span><span class=\"aioseo-breadcrumb\">\n\t\t\t<a href=\"https:\/\/www.immo-invest.ch\/en\/category\/trends-en\/mobility\/\" title=\"Mobility\">Mobility<\/a>\n\t\t<\/span><span class=\"aioseo-breadcrumb-separator\">&raquo;<\/span><span class=\"aioseo-breadcrumb\">\n\t\t\tZurich cantonal parliament approves runway extension\n\t\t<\/span><\/div>","aioseo_breadcrumb_json":[{"label":"Home","link":"https:\/\/www.immo-invest.ch\/en\/"},{"label":"Trends","link":"https:\/\/www.immo-invest.ch\/en\/category\/trends-en\/"},{"label":"Mobility","link":"https:\/\/www.immo-invest.ch\/en\/category\/trends-en\/mobility\/"},{"label":"Zurich cantonal parliament approves runway extension","link":"https:\/\/www.immo-invest.ch\/en\/zuercher-kantonsparlament-stimmt-pistenverlaengerung-zu\/"}],"featured_image_src":"https:\/\/www.immo-invest.ch\/wp-content\/uploads\/2020\/12\/reisen-150x150.png","_links":{"self":[{"href":"https:\/\/www.immo-invest.ch\/en\/wp-json\/wp\/v2\/posts\/63158","targetHints":{"allow":["GET"]}}],"collection":[{"href":"https:\/\/www.immo-invest.ch\/en\/wp-json\/wp\/v2\/posts"}],"about":[{"href":"https:\/\/www.immo-invest.ch\/en\/wp-json\/wp\/v2\/types\/post"}],"author":[{"embeddable":true,"href":"https:\/\/www.immo-invest.ch\/en\/wp-json\/wp\/v2\/users\/2"}],"replies":[{"embeddable":true,"href":"https:\/\/www.immo-invest.ch\/en\/wp-json\/wp\/v2\/comments?post=63158"}],"version-history":[{"count":0,"href":"https:\/\/www.immo-invest.ch\/en\/wp-json\/wp\/v2\/posts\/63158\/revisions"}],"wp:featuredmedia":[{"embeddable":true,"href":"https:\/\/www.immo-invest.ch\/en\/wp-json\/wp\/v2\/media\/26822"}],"wp:attachment":[{"href":"https:\/\/www.immo-invest.ch\/en\/wp-json\/wp\/v2\/media?parent=63158"}],"wp:term":[{"taxonomy":"category","embeddable":true,"href":"https:\/\/www.immo-invest.ch\/en\/wp-json\/wp\/v2\/categories?post=63158"},{"taxonomy":"post_tag","embeddable":true,"href":"https:\/\/www.immo-invest.ch\/en\/wp-json\/wp\/v2\/tags?post=63158"}],"curies":[{"name":"wp","href":"https:\/\/api.w.org\/{rel}","templated":true}]}}