{"id":164415,"date":"2026-09-05T11:00:00","date_gmt":"2026-09-05T09:00:00","guid":{"rendered":"https:\/\/www.immo-invest.ch\/?p=164415"},"modified":"2026-09-02T14:25:46","modified_gmt":"2026-09-02T12:25:46","slug":"seetalplatz-kaempft-mit-leerem-wohnangebot","status":"publish","type":"post","link":"https:\/\/www.immo-invest.ch\/en\/seetalplatz-kaempft-mit-leerem-wohnangebot\/","title":{"rendered":"Seetalplatz is struggling with a lack of housing"},"content":{"rendered":"<p>The slow start to letting comes at a delicate stage in the project. The new cantonal administration building in Emmen is set to bring together around 30 administrative sites currently spread across the area from 2026 onwards, offering around 36,000 square metres of space across nine storeys for some 2,000 staff. Residential accommodation in this building is therefore not a secondary consideration, but part of a large-scale mixed-use project at Seetalplatz.<\/p>\n<p>According to the published marketing details, rents for the 17 flats &ndash; including service charges &ndash; range from 1,500 Swiss francs for a 1.5-room flat measuring 45 square metres to 2,550 Swiss francs for a 4.5-room flat measuring 103 square metres. The flats are situated on the 6th to 9th floors. The move-in date was most recently stated as 1 December. According to the information available, five flats have been reserved so far, whilst twelve remain vacant.<\/p>\n<p><strong>Flats in the administrative building<br>\n<\/strong>This case illustrates just how challenging the initial letting process can remain, even in a highly developed location. The canton is promoting the building as part of the new cantonal administration complex at Seetalplatz. At the same time, the project&rsquo;s marketing materials highlight the residential and retail spaces as an integral part of the new development. According to the information available so far, demand is concentrated primarily on 2.5- and 3.5-room flats, whilst the total supply has not yet been absorbed by the market.<strong><\/strong><\/p>\n<p><strong>Continues to grow<br>\n<\/strong>However, Seetalplatz is far larger than this single building. Alongside the administrative building, another residential project &ndash; R&uuml;&uuml;ssegg &ndash; is being developed right on the banks of the Kleine Emme. Three buildings are planned there by 2027, comprising 208 owner-occupied flats, 85 co-operative flats, 1,885 square metres of commercial space and seven studios. The site will therefore see a significant increase in residential use within a short space of time. This is precisely why the slow start to the administrative building is more than just a footnote. It provides an early indication of how sensitively price, flat layout and the pace of marketing interact, even in up-and-coming development areas.<\/p>\n<p>In the summer of 2026, the project website also indicated that adjustments to the overall scheme remain possible. For instance, at the end of July, it was announced that the originally planned nursery would not be included. As far as letting the flats is concerned, this means that the mix of uses within the building must be further refined, whilst the canton simultaneously prepares to move into its new administrative hub.<\/p>\n","protected":false},"excerpt":{"rendered":"<p>In the new administrative building on Seetalplatz in Emmenbr\u00fccke, 12 out of 17 flats remain unlet for the time being. This slow start is affecting a site that is planned to become the new centre of Lucerne North and is set to bring together around 30 of the canton\u2019s administrative offices by 2026.<\/p>\n","protected":false},"author":2,"featured_media":164416,"comment_status":"open","ping_status":"open","sticky":false,"template":"","format":"standard","meta":{"pmpro_default_level":"","inline_featured_image":false,"_monsterinsights_skip_tracking":false,"footnotes":""},"categories":[55990,12496,12489,56020,56002],"tags":[59892,60667,12525,12526,20046,38024,12528,60464,49170],"class_list":["post-164415","post","type-post","status-publish","format-standard","has-post-thumbnail","hentry","category-districts-areas","category-region-luzern-en","category-new-construction","category-property-management","category-residential","tag-emmenbrucke","tag-erstvermietung","tag-immoinvest-en","tag-immonews-en","tag-kanton-luzern-en","tag-luzern-nord-en","tag-news-en","tag-ruussegg","tag-seetalplatz-en","pmpro-has-access"],"acf":{"bild_mit_ki_erstellt_worden":["Ja"],"lead":"In the new administrative building on Seetalplatz in Emmenbr\u00fccke, 12 out of 17 flats remain unlet for the time being. This slow start is affecting a site that is planned to become the new centre of Lucerne North and is set to bring together around 30 of the canton\u2019s administrative offices by 2026.","autor":"","ort":"","bildunterschrift":"","bild_im_grid":false,"gallerie":"","newsim":"3934"},"aioseo_notices":[],"aioseo_head":"\n\t\t<!-- All in One SEO 5.0.1.1 - aioseo.com -->\n\t<meta name=\"description\" content=\"In the new administrative building on Seetalplatz in Emmenbr\u00fccke, 12 out of 17 flats remain unlet for the time being. This slow start is affecting a site that is planned to become the new centre of Lucerne North and is set to bring together around 30 of the canton\u2019s administrative offices by 2026.\" \/>\n\t<meta name=\"robots\" content=\"max-image-preview:large\" \/>\n\t<meta name=\"author\" content=\"immovestuser\"\/>\n\t<meta name=\"google-site-verification\" content=\"fHJKvgWpZCR2zVBHWfkQeFXC11qieUSff0HGNYfuyLA\" \/>\n\t<link rel=\"canonical\" href=\"https:\/\/www.immo-invest.ch\/en\/seetalplatz-kaempft-mit-leerem-wohnangebot\/\" \/>\n\t<meta name=\"generator\" content=\"All in One SEO (AIOSEO) 5.0.1.1\" \/>\n\t\t<meta property=\"og:locale\" content=\"en_US\" \/>\n\t\t<meta property=\"og:site_name\" content=\"immo!nvest - Die Plattform f\u00fcr Standorte und Immobilien - Die\u00a0Plattform f\u00fcr Standorte und Immobilien\" \/>\n\t\t<meta property=\"og:type\" content=\"article\" \/>\n\t\t<meta property=\"og:title\" content=\"Seetalplatz is struggling with a lack of housing - immo!nvest - Die Plattform f\u00fcr Standorte und Immobilien\" \/>\n\t\t<meta property=\"og:description\" content=\"In the new administrative building on Seetalplatz in Emmenbr\u00fccke, 12 out of 17 flats remain unlet for the time being. This slow start is affecting a site that is planned to become the new centre of Lucerne North and is set to bring together around 30 of the canton\u2019s administrative offices by 2026.\" \/>\n\t\t<meta property=\"og:url\" content=\"https:\/\/www.immo-invest.ch\/en\/seetalplatz-kaempft-mit-leerem-wohnangebot\/\" \/>\n\t\t<meta property=\"og:image\" content=\"https:\/\/www.immo-invest.ch\/wp-content\/uploads\/2026\/09\/Seetalplatz-kaempft-mit-leerem-Wohnangebot-immo-invest.png\" \/>\n\t\t<meta property=\"og:image:secure_url\" content=\"https:\/\/www.immo-invest.ch\/wp-content\/uploads\/2026\/09\/Seetalplatz-kaempft-mit-leerem-Wohnangebot-immo-invest.png\" \/>\n\t\t<meta property=\"og:image:width\" content=\"1536\" \/>\n\t\t<meta property=\"og:image:height\" content=\"768\" \/>\n\t\t<meta property=\"article:published_time\" content=\"2026-09-05T09:00:00+00:00\" \/>\n\t\t<meta property=\"article:modified_time\" content=\"2026-09-02T12:25:46+00:00\" \/>\n\t\t<meta property=\"article:publisher\" content=\"https:\/\/www.facebook.com\/people\/Immoinvest\/100077962920504\/\" \/>\n\t\t<meta name=\"twitter:card\" content=\"summary_large_image\" \/>\n\t\t<meta name=\"twitter:site\" content=\"@i\" \/>\n\t\t<meta name=\"twitter:title\" content=\"Seetalplatz is struggling with a lack of housing - immo!nvest - Die Plattform f\u00fcr Standorte und Immobilien\" \/>\n\t\t<meta name=\"twitter:description\" content=\"In the new administrative building on Seetalplatz in Emmenbr\u00fccke, 12 out of 17 flats remain unlet for the time being. This slow start is affecting a site that is planned to become the new centre of Lucerne North and is set to bring together around 30 of the canton\u2019s administrative offices by 2026.\" \/>\n\t\t<meta name=\"twitter:creator\" content=\"@i\" \/>\n\t\t<meta name=\"twitter:image\" content=\"https:\/\/www.immo-invest.ch\/wp-content\/uploads\/2026\/09\/Seetalplatz-kaempft-mit-leerem-Wohnangebot-immo-invest.png\" \/>\n\t\t<script type=\"application\/ld+json\" class=\"aioseo-schema\">\n\t\t\t{\"@context\":\"https:\\\/\\\/schema.org\",\"@graph\":[{\"@type\":\"BlogPosting\",\"@id\":\"https:\\\/\\\/www.immo-invest.ch\\\/en\\\/seetalplatz-kaempft-mit-leerem-wohnangebot\\\/#blogposting\",\"name\":\"Seetalplatz is struggling with a lack of housing - immo!nvest - Die Plattform f\\u00fcr Standorte und Immobilien\",\"headline\":\"Seetalplatz is struggling with a lack of housing\",\"author\":{\"@id\":\"https:\\\/\\\/www.immo-invest.ch\\\/en\\\/author\\\/immovestuser\\\/#author\"},\"publisher\":{\"@id\":\"https:\\\/\\\/www.immo-invest.ch\\\/en\\\/#organization\"},\"image\":{\"@type\":\"ImageObject\",\"url\":\"https:\\\/\\\/www.immo-invest.ch\\\/wp-content\\\/uploads\\\/2026\\\/09\\\/Seetalplatz-kaempft-mit-leerem-Wohnangebot-immo-invest.png\",\"width\":1536,\"height\":768},\"datePublished\":\"2026-09-05T11:00:00+02:00\",\"dateModified\":\"2026-09-02T14:25:46+02:00\",\"inLanguage\":\"en-US\",\"mainEntityOfPage\":{\"@id\":\"https:\\\/\\\/www.immo-invest.ch\\\/en\\\/seetalplatz-kaempft-mit-leerem-wohnangebot\\\/#webpage\"},\"isPartOf\":{\"@id\":\"https:\\\/\\\/www.immo-invest.ch\\\/en\\\/seetalplatz-kaempft-mit-leerem-wohnangebot\\\/#webpage\"},\"articleSection\":\"Districts \\\/ Areas, Luzern, New construction, Property Management, Residential, Emmenbr\\u00fccke, Erstvermietung, Immoinvest, immoNews, Kanton Luzern, Luzern Nord, News, R\\u00fc\\u00fcssegg, Seetalplatz, Optional\"},{\"@type\":\"BreadcrumbList\",\"@id\":\"https:\\\/\\\/www.immo-invest.ch\\\/en\\\/seetalplatz-kaempft-mit-leerem-wohnangebot\\\/#breadcrumblist\",\"itemListElement\":[{\"@type\":\"ListItem\",\"@id\":\"https:\\\/\\\/www.immo-invest.ch\\\/en\\\/#listItem\",\"position\":1,\"name\":\"Home\",\"item\":\"https:\\\/\\\/www.immo-invest.ch\\\/en\\\/\",\"nextItem\":{\"@type\":\"ListItem\",\"@id\":\"https:\\\/\\\/www.immo-invest.ch\\\/en\\\/category\\\/regions-en\\\/#listItem\",\"name\":\"Regions\"}},{\"@type\":\"ListItem\",\"@id\":\"https:\\\/\\\/www.immo-invest.ch\\\/en\\\/category\\\/regions-en\\\/#listItem\",\"position\":2,\"name\":\"Regions\",\"item\":\"https:\\\/\\\/www.immo-invest.ch\\\/en\\\/category\\\/regions-en\\\/\",\"nextItem\":{\"@type\":\"ListItem\",\"@id\":\"https:\\\/\\\/www.immo-invest.ch\\\/en\\\/category\\\/regions-en\\\/switzerland\\\/#listItem\",\"name\":\"Switzerland\"},\"previousItem\":{\"@type\":\"ListItem\",\"@id\":\"https:\\\/\\\/www.immo-invest.ch\\\/en\\\/#listItem\",\"name\":\"Home\"}},{\"@type\":\"ListItem\",\"@id\":\"https:\\\/\\\/www.immo-invest.ch\\\/en\\\/category\\\/regions-en\\\/switzerland\\\/#listItem\",\"position\":3,\"name\":\"Switzerland\",\"item\":\"https:\\\/\\\/www.immo-invest.ch\\\/en\\\/category\\\/regions-en\\\/switzerland\\\/\",\"nextItem\":{\"@type\":\"ListItem\",\"@id\":\"https:\\\/\\\/www.immo-invest.ch\\\/en\\\/category\\\/regions-en\\\/switzerland\\\/region-zentralschweiz-en\\\/#listItem\",\"name\":\"Zentralschweiz\"},\"previousItem\":{\"@type\":\"ListItem\",\"@id\":\"https:\\\/\\\/www.immo-invest.ch\\\/en\\\/category\\\/regions-en\\\/#listItem\",\"name\":\"Regions\"}},{\"@type\":\"ListItem\",\"@id\":\"https:\\\/\\\/www.immo-invest.ch\\\/en\\\/category\\\/regions-en\\\/switzerland\\\/region-zentralschweiz-en\\\/#listItem\",\"position\":4,\"name\":\"Zentralschweiz\",\"item\":\"https:\\\/\\\/www.immo-invest.ch\\\/en\\\/category\\\/regions-en\\\/switzerland\\\/region-zentralschweiz-en\\\/\",\"nextItem\":{\"@type\":\"ListItem\",\"@id\":\"https:\\\/\\\/www.immo-invest.ch\\\/en\\\/category\\\/regions-en\\\/switzerland\\\/region-zentralschweiz-en\\\/region-luzern-en\\\/#listItem\",\"name\":\"Luzern\"},\"previousItem\":{\"@type\":\"ListItem\",\"@id\":\"https:\\\/\\\/www.immo-invest.ch\\\/en\\\/category\\\/regions-en\\\/switzerland\\\/#listItem\",\"name\":\"Switzerland\"}},{\"@type\":\"ListItem\",\"@id\":\"https:\\\/\\\/www.immo-invest.ch\\\/en\\\/category\\\/regions-en\\\/switzerland\\\/region-zentralschweiz-en\\\/region-luzern-en\\\/#listItem\",\"position\":5,\"name\":\"Luzern\",\"item\":\"https:\\\/\\\/www.immo-invest.ch\\\/en\\\/category\\\/regions-en\\\/switzerland\\\/region-zentralschweiz-en\\\/region-luzern-en\\\/\",\"nextItem\":{\"@type\":\"ListItem\",\"@id\":\"https:\\\/\\\/www.immo-invest.ch\\\/en\\\/seetalplatz-kaempft-mit-leerem-wohnangebot\\\/#listItem\",\"name\":\"Seetalplatz is struggling with a lack of housing\"},\"previousItem\":{\"@type\":\"ListItem\",\"@id\":\"https:\\\/\\\/www.immo-invest.ch\\\/en\\\/category\\\/regions-en\\\/switzerland\\\/region-zentralschweiz-en\\\/#listItem\",\"name\":\"Zentralschweiz\"}},{\"@type\":\"ListItem\",\"@id\":\"https:\\\/\\\/www.immo-invest.ch\\\/en\\\/seetalplatz-kaempft-mit-leerem-wohnangebot\\\/#listItem\",\"position\":6,\"name\":\"Seetalplatz is struggling with a lack of housing\",\"previousItem\":{\"@type\":\"ListItem\",\"@id\":\"https:\\\/\\\/www.immo-invest.ch\\\/en\\\/category\\\/regions-en\\\/switzerland\\\/region-zentralschweiz-en\\\/region-luzern-en\\\/#listItem\",\"name\":\"Luzern\"}}]},{\"@type\":\"Organization\",\"@id\":\"https:\\\/\\\/www.immo-invest.ch\\\/en\\\/#organization\",\"name\":\"immo!nvest - Die Plattform f\\u00fcr Standorte und Immobilien\",\"description\":\"Die\\u00a0Plattform f\\u00fcr Standorte und Immobilien\",\"url\":\"https:\\\/\\\/www.immo-invest.ch\\\/en\\\/\",\"email\":\"admin@immomedia.ag\",\"telephone\":\"+41444420002\",\"logo\":{\"@type\":\"ImageObject\",\"url\":\"https:\\\/\\\/www.immo-invest.ch\\\/wp-content\\\/uploads\\\/2024\\\/09\\\/immoinvest_sm-scaled.jpg\",\"@id\":\"https:\\\/\\\/www.immo-invest.ch\\\/en\\\/seetalplatz-kaempft-mit-leerem-wohnangebot\\\/#organizationLogo\",\"width\":2560,\"height\":1340},\"image\":{\"@id\":\"https:\\\/\\\/www.immo-invest.ch\\\/en\\\/seetalplatz-kaempft-mit-leerem-wohnangebot\\\/#organizationLogo\"},\"sameAs\":[\"https:\\\/\\\/www.facebook.com\\\/people\\\/Immoinvest\\\/100077962920504\\\/\",\"https:\\\/\\\/x.com\\\/i\\\/flow\\\/login?redirect_after_login=immoinvest_ch\",\"https:\\\/\\\/www.instagram.com\\\/immoinvest_ch\\\/\",\"https:\\\/\\\/www.linkedin.com\\\/company\\\/immoinvest-swiss\"]},{\"@type\":\"Person\",\"@id\":\"https:\\\/\\\/www.immo-invest.ch\\\/en\\\/author\\\/immovestuser\\\/#author\",\"url\":\"https:\\\/\\\/www.immo-invest.ch\\\/en\\\/author\\\/immovestuser\\\/\",\"name\":\"immovestuser\",\"image\":{\"@type\":\"ImageObject\",\"@id\":\"https:\\\/\\\/www.immo-invest.ch\\\/en\\\/seetalplatz-kaempft-mit-leerem-wohnangebot\\\/#authorImage\",\"url\":\"https:\\\/\\\/secure.gravatar.com\\\/avatar\\\/8e01f4d99f2eeea7a362ebb93305e1172a70e9293ba250f897a65c39f54cdd1e?s=96&d=mm&r=g\",\"width\":96,\"height\":96,\"caption\":\"immovestuser\"}},{\"@type\":\"WebPage\",\"@id\":\"https:\\\/\\\/www.immo-invest.ch\\\/en\\\/seetalplatz-kaempft-mit-leerem-wohnangebot\\\/#webpage\",\"url\":\"https:\\\/\\\/www.immo-invest.ch\\\/en\\\/seetalplatz-kaempft-mit-leerem-wohnangebot\\\/\",\"name\":\"Seetalplatz is struggling with a lack of housing - immo!nvest - Die Plattform f\\u00fcr Standorte und Immobilien\",\"description\":\"In the new administrative building on Seetalplatz in Emmenbr\\u00fccke, 12 out of 17 flats remain unlet for the time being. This slow start is affecting a site that is planned to become the new centre of Lucerne North and is set to bring together around 30 of the canton\\u2019s administrative offices by 2026.\",\"inLanguage\":\"en-US\",\"isPartOf\":{\"@id\":\"https:\\\/\\\/www.immo-invest.ch\\\/en\\\/#website\"},\"breadcrumb\":{\"@id\":\"https:\\\/\\\/www.immo-invest.ch\\\/en\\\/seetalplatz-kaempft-mit-leerem-wohnangebot\\\/#breadcrumblist\"},\"author\":{\"@id\":\"https:\\\/\\\/www.immo-invest.ch\\\/en\\\/author\\\/immovestuser\\\/#author\"},\"creator\":{\"@id\":\"https:\\\/\\\/www.immo-invest.ch\\\/en\\\/author\\\/immovestuser\\\/#author\"},\"image\":{\"@type\":\"ImageObject\",\"url\":\"https:\\\/\\\/www.immo-invest.ch\\\/wp-content\\\/uploads\\\/2026\\\/09\\\/Seetalplatz-kaempft-mit-leerem-Wohnangebot-immo-invest.png\",\"@id\":\"https:\\\/\\\/www.immo-invest.ch\\\/en\\\/seetalplatz-kaempft-mit-leerem-wohnangebot\\\/#mainImage\",\"width\":1536,\"height\":768},\"primaryImageOfPage\":{\"@id\":\"https:\\\/\\\/www.immo-invest.ch\\\/en\\\/seetalplatz-kaempft-mit-leerem-wohnangebot\\\/#mainImage\"},\"datePublished\":\"2026-09-05T11:00:00+02:00\",\"dateModified\":\"2026-09-02T14:25:46+02:00\"},{\"@type\":\"WebSite\",\"@id\":\"https:\\\/\\\/www.immo-invest.ch\\\/en\\\/#website\",\"url\":\"https:\\\/\\\/www.immo-invest.ch\\\/en\\\/\",\"name\":\"immo!nvest - Die Plattform f\\u00fcr Standorte und Immobilien\",\"description\":\"Die\\u00a0Plattform f\\u00fcr Standorte und Immobilien\",\"inLanguage\":\"en-US\",\"publisher\":{\"@id\":\"https:\\\/\\\/www.immo-invest.ch\\\/en\\\/#organization\"}}]}\n\t\t<\/script>\n\t\t<!-- All in One SEO -->\n\n","aioseo_head_json":{"title":"Seetalplatz is struggling with a lack of housing - immo!nvest - Die Plattform f\u00fcr Standorte und Immobilien","description":"In the new administrative building on Seetalplatz in Emmenbr\u00fccke, 12 out of 17 flats remain unlet for the time being. This slow start is affecting a site that is planned to become the new centre of Lucerne North and is set to bring together around 30 of the canton\u2019s administrative offices by 2026.","canonical_url":"https:\/\/www.immo-invest.ch\/en\/seetalplatz-kaempft-mit-leerem-wohnangebot\/","robots":"max-image-preview:large","keywords":"","webmasterTools":{"google-site-verification":"fHJKvgWpZCR2zVBHWfkQeFXC11qieUSff0HGNYfuyLA","miscellaneous":""},"schema":{"@context":"https:\/\/schema.org","@graph":[{"@type":"BlogPosting","@id":"https:\/\/www.immo-invest.ch\/en\/seetalplatz-kaempft-mit-leerem-wohnangebot\/#blogposting","name":"Seetalplatz is struggling with a lack of housing - immo!nvest - Die Plattform f\u00fcr Standorte und Immobilien","headline":"Seetalplatz is struggling with a lack of housing","author":{"@id":"https:\/\/www.immo-invest.ch\/en\/author\/immovestuser\/#author"},"publisher":{"@id":"https:\/\/www.immo-invest.ch\/en\/#organization"},"image":{"@type":"ImageObject","url":"https:\/\/www.immo-invest.ch\/wp-content\/uploads\/2026\/09\/Seetalplatz-kaempft-mit-leerem-Wohnangebot-immo-invest.png","width":1536,"height":768},"datePublished":"2026-09-05T11:00:00+02:00","dateModified":"2026-09-02T14:25:46+02:00","inLanguage":"en-US","mainEntityOfPage":{"@id":"https:\/\/www.immo-invest.ch\/en\/seetalplatz-kaempft-mit-leerem-wohnangebot\/#webpage"},"isPartOf":{"@id":"https:\/\/www.immo-invest.ch\/en\/seetalplatz-kaempft-mit-leerem-wohnangebot\/#webpage"},"articleSection":"Districts \/ Areas, Luzern, New construction, Property Management, Residential, Emmenbr\u00fccke, Erstvermietung, Immoinvest, immoNews, Kanton Luzern, Luzern Nord, News, R\u00fc\u00fcssegg, Seetalplatz, Optional"},{"@type":"BreadcrumbList","@id":"https:\/\/www.immo-invest.ch\/en\/seetalplatz-kaempft-mit-leerem-wohnangebot\/#breadcrumblist","itemListElement":[{"@type":"ListItem","@id":"https:\/\/www.immo-invest.ch\/en\/#listItem","position":1,"name":"Home","item":"https:\/\/www.immo-invest.ch\/en\/","nextItem":{"@type":"ListItem","@id":"https:\/\/www.immo-invest.ch\/en\/category\/regions-en\/#listItem","name":"Regions"}},{"@type":"ListItem","@id":"https:\/\/www.immo-invest.ch\/en\/category\/regions-en\/#listItem","position":2,"name":"Regions","item":"https:\/\/www.immo-invest.ch\/en\/category\/regions-en\/","nextItem":{"@type":"ListItem","@id":"https:\/\/www.immo-invest.ch\/en\/category\/regions-en\/switzerland\/#listItem","name":"Switzerland"},"previousItem":{"@type":"ListItem","@id":"https:\/\/www.immo-invest.ch\/en\/#listItem","name":"Home"}},{"@type":"ListItem","@id":"https:\/\/www.immo-invest.ch\/en\/category\/regions-en\/switzerland\/#listItem","position":3,"name":"Switzerland","item":"https:\/\/www.immo-invest.ch\/en\/category\/regions-en\/switzerland\/","nextItem":{"@type":"ListItem","@id":"https:\/\/www.immo-invest.ch\/en\/category\/regions-en\/switzerland\/region-zentralschweiz-en\/#listItem","name":"Zentralschweiz"},"previousItem":{"@type":"ListItem","@id":"https:\/\/www.immo-invest.ch\/en\/category\/regions-en\/#listItem","name":"Regions"}},{"@type":"ListItem","@id":"https:\/\/www.immo-invest.ch\/en\/category\/regions-en\/switzerland\/region-zentralschweiz-en\/#listItem","position":4,"name":"Zentralschweiz","item":"https:\/\/www.immo-invest.ch\/en\/category\/regions-en\/switzerland\/region-zentralschweiz-en\/","nextItem":{"@type":"ListItem","@id":"https:\/\/www.immo-invest.ch\/en\/category\/regions-en\/switzerland\/region-zentralschweiz-en\/region-luzern-en\/#listItem","name":"Luzern"},"previousItem":{"@type":"ListItem","@id":"https:\/\/www.immo-invest.ch\/en\/category\/regions-en\/switzerland\/#listItem","name":"Switzerland"}},{"@type":"ListItem","@id":"https:\/\/www.immo-invest.ch\/en\/category\/regions-en\/switzerland\/region-zentralschweiz-en\/region-luzern-en\/#listItem","position":5,"name":"Luzern","item":"https:\/\/www.immo-invest.ch\/en\/category\/regions-en\/switzerland\/region-zentralschweiz-en\/region-luzern-en\/","nextItem":{"@type":"ListItem","@id":"https:\/\/www.immo-invest.ch\/en\/seetalplatz-kaempft-mit-leerem-wohnangebot\/#listItem","name":"Seetalplatz is struggling with a lack of housing"},"previousItem":{"@type":"ListItem","@id":"https:\/\/www.immo-invest.ch\/en\/category\/regions-en\/switzerland\/region-zentralschweiz-en\/#listItem","name":"Zentralschweiz"}},{"@type":"ListItem","@id":"https:\/\/www.immo-invest.ch\/en\/seetalplatz-kaempft-mit-leerem-wohnangebot\/#listItem","position":6,"name":"Seetalplatz is struggling with a lack of housing","previousItem":{"@type":"ListItem","@id":"https:\/\/www.immo-invest.ch\/en\/category\/regions-en\/switzerland\/region-zentralschweiz-en\/region-luzern-en\/#listItem","name":"Luzern"}}]},{"@type":"Organization","@id":"https:\/\/www.immo-invest.ch\/en\/#organization","name":"immo!nvest - Die Plattform f\u00fcr Standorte und Immobilien","description":"Die\u00a0Plattform f\u00fcr Standorte und Immobilien","url":"https:\/\/www.immo-invest.ch\/en\/","email":"admin@immomedia.ag","telephone":"+41444420002","logo":{"@type":"ImageObject","url":"https:\/\/www.immo-invest.ch\/wp-content\/uploads\/2024\/09\/immoinvest_sm-scaled.jpg","@id":"https:\/\/www.immo-invest.ch\/en\/seetalplatz-kaempft-mit-leerem-wohnangebot\/#organizationLogo","width":2560,"height":1340},"image":{"@id":"https:\/\/www.immo-invest.ch\/en\/seetalplatz-kaempft-mit-leerem-wohnangebot\/#organizationLogo"},"sameAs":["https:\/\/www.facebook.com\/people\/Immoinvest\/100077962920504\/","https:\/\/x.com\/i\/flow\/login?redirect_after_login=immoinvest_ch","https:\/\/www.instagram.com\/immoinvest_ch\/","https:\/\/www.linkedin.com\/company\/immoinvest-swiss"]},{"@type":"Person","@id":"https:\/\/www.immo-invest.ch\/en\/author\/immovestuser\/#author","url":"https:\/\/www.immo-invest.ch\/en\/author\/immovestuser\/","name":"immovestuser","image":{"@type":"ImageObject","@id":"https:\/\/www.immo-invest.ch\/en\/seetalplatz-kaempft-mit-leerem-wohnangebot\/#authorImage","url":"https:\/\/secure.gravatar.com\/avatar\/8e01f4d99f2eeea7a362ebb93305e1172a70e9293ba250f897a65c39f54cdd1e?s=96&d=mm&r=g","width":96,"height":96,"caption":"immovestuser"}},{"@type":"WebPage","@id":"https:\/\/www.immo-invest.ch\/en\/seetalplatz-kaempft-mit-leerem-wohnangebot\/#webpage","url":"https:\/\/www.immo-invest.ch\/en\/seetalplatz-kaempft-mit-leerem-wohnangebot\/","name":"Seetalplatz is struggling with a lack of housing - immo!nvest - Die Plattform f\u00fcr Standorte und Immobilien","description":"In the new administrative building on Seetalplatz in Emmenbr\u00fccke, 12 out of 17 flats remain unlet for the time being. This slow start is affecting a site that is planned to become the new centre of Lucerne North and is set to bring together around 30 of the canton\u2019s administrative offices by 2026.","inLanguage":"en-US","isPartOf":{"@id":"https:\/\/www.immo-invest.ch\/en\/#website"},"breadcrumb":{"@id":"https:\/\/www.immo-invest.ch\/en\/seetalplatz-kaempft-mit-leerem-wohnangebot\/#breadcrumblist"},"author":{"@id":"https:\/\/www.immo-invest.ch\/en\/author\/immovestuser\/#author"},"creator":{"@id":"https:\/\/www.immo-invest.ch\/en\/author\/immovestuser\/#author"},"image":{"@type":"ImageObject","url":"https:\/\/www.immo-invest.ch\/wp-content\/uploads\/2026\/09\/Seetalplatz-kaempft-mit-leerem-Wohnangebot-immo-invest.png","@id":"https:\/\/www.immo-invest.ch\/en\/seetalplatz-kaempft-mit-leerem-wohnangebot\/#mainImage","width":1536,"height":768},"primaryImageOfPage":{"@id":"https:\/\/www.immo-invest.ch\/en\/seetalplatz-kaempft-mit-leerem-wohnangebot\/#mainImage"},"datePublished":"2026-09-05T11:00:00+02:00","dateModified":"2026-09-02T14:25:46+02:00"},{"@type":"WebSite","@id":"https:\/\/www.immo-invest.ch\/en\/#website","url":"https:\/\/www.immo-invest.ch\/en\/","name":"immo!nvest - Die Plattform f\u00fcr Standorte und Immobilien","description":"Die\u00a0Plattform f\u00fcr Standorte und Immobilien","inLanguage":"en-US","publisher":{"@id":"https:\/\/www.immo-invest.ch\/en\/#organization"}}]},"og:locale":"en_US","og:site_name":"immo!nvest - Die Plattform f\u00fcr Standorte und Immobilien - Die\u00a0Plattform f\u00fcr Standorte und Immobilien","og:type":"article","og:title":"Seetalplatz is struggling with a lack of housing - immo!nvest - Die Plattform f\u00fcr Standorte und Immobilien","og:description":"In the new administrative building on Seetalplatz in Emmenbr\u00fccke, 12 out of 17 flats remain unlet for the time being. This slow start is affecting a site that is planned to become the new centre of Lucerne North and is set to bring together around 30 of the canton\u2019s administrative offices by 2026.","og:url":"https:\/\/www.immo-invest.ch\/en\/seetalplatz-kaempft-mit-leerem-wohnangebot\/","og:image":"https:\/\/www.immo-invest.ch\/wp-content\/uploads\/2026\/09\/Seetalplatz-kaempft-mit-leerem-Wohnangebot-immo-invest.png","og:image:secure_url":"https:\/\/www.immo-invest.ch\/wp-content\/uploads\/2026\/09\/Seetalplatz-kaempft-mit-leerem-Wohnangebot-immo-invest.png","og:image:width":1536,"og:image:height":768,"article:published_time":"2026-09-05T09:00:00+00:00","article:modified_time":"2026-09-02T12:25:46+00:00","article:publisher":"https:\/\/www.facebook.com\/people\/Immoinvest\/100077962920504\/","twitter:card":"summary_large_image","twitter:site":"@i","twitter:title":"Seetalplatz is struggling with a lack of housing - immo!nvest - Die Plattform f\u00fcr Standorte und Immobilien","twitter:description":"In the new administrative building on Seetalplatz in Emmenbr\u00fccke, 12 out of 17 flats remain unlet for the time being. This slow start is affecting a site that is planned to become the new centre of Lucerne North and is set to bring together around 30 of the canton\u2019s administrative offices by 2026.","twitter:creator":"@i","twitter:image":"https:\/\/www.immo-invest.ch\/wp-content\/uploads\/2026\/09\/Seetalplatz-kaempft-mit-leerem-Wohnangebot-immo-invest.png"},"aioseo_meta_data":{"post_id":"164415","title":null,"description":null,"keywords":null,"keyphrases":{"focus":{"keyphrase":"","score":0,"analysis":{"keyphraseInTitle":{"score":0,"maxScore":9,"error":1}}},"additional":[]},"primary_term":null,"canonical_url":null,"og_title":null,"og_description":null,"og_object_type":"default","og_image_type":"default","og_image_url":null,"og_image_width":null,"og_image_height":null,"og_image_custom_url":null,"og_image_custom_fields":null,"og_video":"","og_custom_url":null,"og_article_section":null,"og_article_tags":null,"twitter_use_og":false,"twitter_card":"default","twitter_image_type":"default","twitter_image_url":null,"twitter_image_custom_url":null,"twitter_image_custom_fields":null,"twitter_title":null,"twitter_description":null,"schema":{"blockGraphs":[],"customGraphs":[],"default":{"data":{"Article":[],"Course":[],"Dataset":[],"FAQPage":[],"Movie":[],"Person":[],"Product":[],"ProductReview":[],"Car":[],"Recipe":[],"Service":[],"SoftwareApplication":[],"WebPage":[]},"graphName":"BlogPosting","isEnabled":true},"graphs":[]},"schema_type":"default","schema_type_options":null,"pillar_content":false,"robots_default":true,"robots_noindex":false,"robots_noarchive":false,"robots_nosnippet":false,"robots_nofollow":false,"robots_noimageindex":false,"robots_noodp":false,"robots_notranslate":false,"robots_max_snippet":"-1","robots_max_videopreview":"-1","robots_max_imagepreview":"large","priority":null,"frequency":"default","local_seo":null,"breadcrumb_settings":null,"limit_modified_date":false,"ai":{"faqs":[],"keyPoints":[],"schemas":[],"titles":[],"descriptions":[],"socialPosts":{"email":{"subject":"","preview":"","content":""},"linkedin":[],"twitter":[],"facebook":[],"instagram":[]}},"created":"2026-09-02 12:25:46","updated":"2026-09-05 09:01:35","seo_analyzer_scan_date":null,"focus_keyword":null,"additional_keywords":null,"truseo_locale":null},"aioseo_breadcrumb":"<div class=\"aioseo-breadcrumbs\"><span class=\"aioseo-breadcrumb\">\n\t\t\t<a href=\"https:\/\/www.immo-invest.ch\/en\/\" title=\"Home\">Home<\/a>\n\t\t<\/span><span class=\"aioseo-breadcrumb-separator\">&raquo;<\/span><span class=\"aioseo-breadcrumb\">\n\t\t\t<a href=\"https:\/\/www.immo-invest.ch\/en\/category\/regions-en\/\" title=\"Regions\">Regions<\/a>\n\t\t<\/span><span class=\"aioseo-breadcrumb-separator\">&raquo;<\/span><span class=\"aioseo-breadcrumb\">\n\t\t\t<a href=\"https:\/\/www.immo-invest.ch\/en\/category\/regions-en\/switzerland\/\" title=\"Switzerland\">Switzerland<\/a>\n\t\t<\/span><span class=\"aioseo-breadcrumb-separator\">&raquo;<\/span><span class=\"aioseo-breadcrumb\">\n\t\t\t<a href=\"https:\/\/www.immo-invest.ch\/en\/category\/regions-en\/switzerland\/region-zentralschweiz-en\/\" title=\"Zentralschweiz\">Zentralschweiz<\/a>\n\t\t<\/span><span class=\"aioseo-breadcrumb-separator\">&raquo;<\/span><span class=\"aioseo-breadcrumb\">\n\t\t\t<a href=\"https:\/\/www.immo-invest.ch\/en\/category\/regions-en\/switzerland\/region-zentralschweiz-en\/region-luzern-en\/\" title=\"Luzern\">Luzern<\/a>\n\t\t<\/span><span class=\"aioseo-breadcrumb-separator\">&raquo;<\/span><span class=\"aioseo-breadcrumb\">\n\t\t\tSeetalplatz is struggling with a lack of housing\n\t\t<\/span><\/div>","aioseo_breadcrumb_json":[{"label":"Home","link":"https:\/\/www.immo-invest.ch\/en\/"},{"label":"Regions","link":"https:\/\/www.immo-invest.ch\/en\/category\/regions-en\/"},{"label":"Switzerland","link":"https:\/\/www.immo-invest.ch\/en\/category\/regions-en\/switzerland\/"},{"label":"Zentralschweiz","link":"https:\/\/www.immo-invest.ch\/en\/category\/regions-en\/switzerland\/region-zentralschweiz-en\/"},{"label":"Luzern","link":"https:\/\/www.immo-invest.ch\/en\/category\/regions-en\/switzerland\/region-zentralschweiz-en\/region-luzern-en\/"},{"label":"Seetalplatz is struggling with a lack of housing","link":"https:\/\/www.immo-invest.ch\/en\/seetalplatz-kaempft-mit-leerem-wohnangebot\/"}],"featured_image_src":"https:\/\/www.immo-invest.ch\/wp-content\/uploads\/2026\/09\/Seetalplatz-kaempft-mit-leerem-Wohnangebot-immo-invest-336x168.png","_links":{"self":[{"href":"https:\/\/www.immo-invest.ch\/en\/wp-json\/wp\/v2\/posts\/164415","targetHints":{"allow":["GET"]}}],"collection":[{"href":"https:\/\/www.immo-invest.ch\/en\/wp-json\/wp\/v2\/posts"}],"about":[{"href":"https:\/\/www.immo-invest.ch\/en\/wp-json\/wp\/v2\/types\/post"}],"author":[{"embeddable":true,"href":"https:\/\/www.immo-invest.ch\/en\/wp-json\/wp\/v2\/users\/2"}],"replies":[{"embeddable":true,"href":"https:\/\/www.immo-invest.ch\/en\/wp-json\/wp\/v2\/comments?post=164415"}],"version-history":[{"count":3,"href":"https:\/\/www.immo-invest.ch\/en\/wp-json\/wp\/v2\/posts\/164415\/revisions"}],"predecessor-version":[{"id":164429,"href":"https:\/\/www.immo-invest.ch\/en\/wp-json\/wp\/v2\/posts\/164415\/revisions\/164429"}],"wp:featuredmedia":[{"embeddable":true,"href":"https:\/\/www.immo-invest.ch\/en\/wp-json\/wp\/v2\/media\/164416"}],"wp:attachment":[{"href":"https:\/\/www.immo-invest.ch\/en\/wp-json\/wp\/v2\/media?parent=164415"}],"wp:term":[{"taxonomy":"category","embeddable":true,"href":"https:\/\/www.immo-invest.ch\/en\/wp-json\/wp\/v2\/categories?post=164415"},{"taxonomy":"post_tag","embeddable":true,"href":"https:\/\/www.immo-invest.ch\/en\/wp-json\/wp\/v2\/tags?post=164415"}],"curies":[{"name":"wp","href":"https:\/\/api.w.org\/{rel}","templated":true}]}}