{"id":148250,"date":"2026-01-30T16:20:00","date_gmt":"2026-01-30T15:20:00","guid":{"rendered":"https:\/\/www.immo-invest.ch\/?p=148250"},"modified":"2026-01-28T10:27:37","modified_gmt":"2026-01-28T09:27:37","slug":"neuordnung-der-fuehrung-im-kuechen-und-lueftungsmarkt","status":"publish","type":"post","link":"https:\/\/www.immo-invest.ch\/en\/neuordnung-der-fuehrung-im-kuechen-und-lueftungsmarkt\/","title":{"rendered":"Reorganisation of leadership in the kitchen and ventilation market"},"content":{"rendered":"<p class=\"bodytext\">The further integration of <a href=\"https:\/\/www.wesco.ch\/\" target=\"_blank\" rel=\"noopener\">WESCO AG<\/a> from Wettingen into the <a href=\"https:\/\/www.franke.com\/\" target=\"_blank\" rel=\"noopener\">Franke Group<\/a>, based in Aarburg, has resulted in a reorganisation of the management team: Gregory Oswald will return to <a href=\"https:\/\/www.franke.com\/de\/de\/home-solutions.html\" target=\"_blank\" rel=\"noopener\">Franke Home Solutions<\/a> as Managing Director for the DACH market on 1 February 2026. As head of this division of the Franke Group, Oswald will be jointly responsible for the Franke <span class=\"glossaryLink\" aria-describedby=\"tt\" data-cmtooltip=\"&lt;div class=glossaryItemTitle&gt;Brand&lt;\/div&gt;&lt;div class=glossaryItemBody&gt;Engl. f&uuml;r Marke&lt;\/div&gt;\" data-mobile-support=\"0\" data-gt-translate-attributes='[{\"attribute\":\"data-cmtooltip\", \"format\":\"html\"}]' tabindex=\"0\" role=\"link\">brand<\/span> and the WESCO brands <a href=\"https:\/\/www.berbel.de\/\" target=\"_blank\" rel=\"noopener\">berbel<\/a> and Wesco &ndash; &ldquo;an important basis for closer cooperation, while the brands continue to operate independently on the market,&rdquo; according to a <a href=\"https:\/\/www.presseportal.ch\/de\/pm\/100053819\/100937891\" target=\"_blank\" rel=\"noopener\">statement<\/a>.<\/p>\n<p class=\"bodytext\">Franke&rsquo;s Home Solutions business unit is a global provider of intelligent systems and solutions for private kitchens. With 4,200 employees in over 30 countries, it generates net sales of CHF 932 million. Oswald, 45, already headed this division from 2022 to 2024. He then took over the management of the WESCO Group, which was <a href=\"https:\/\/www.franke.com\/de\/de\/gruppe\/medien\/2024\/erwerb-wesco.html\" target=\"_blank\" rel=\"noopener\">acquired<\/a> by Franke in September 2024. Founded in 1962, the WESCO Group is headquartered in Wettingen. The family-owned company specialises in extractor hoods and ventilation systems.<\/p>\n<p class=\"bodytext\">Corrado Mura, interim CEO and President of Franke Home Solutions, explains that Gregory Oswald&rsquo;s &ldquo;deep understanding of the DACH market as well as product management and <span class=\"glossaryLink\" aria-describedby=\"tt\" data-cmtooltip=\"&lt;div class=glossaryItemTitle&gt;Brand&lt;\/div&gt;&lt;div class=glossaryItemBody&gt;Engl. f&uuml;r Marke&lt;\/div&gt;\" data-mobile-support=\"0\" data-gt-translate-attributes='[{\"attribute\":\"data-cmtooltip\", \"format\":\"html\"}]' tabindex=\"0\" role=\"link\">brand<\/span> management, which he has gained in key positions within Franke Home Solutions,&rdquo; will be crucial for the further development of the company. &ldquo;His many years of experience will help us to optimally bundle our competencies and drive our growth in a sustainable manner.&rdquo;<\/p>\n","protected":false},"excerpt":{"rendered":"<p>Gregory Oswald will return as CEO for the DACH market at Franke Home Solutions on 1 February 2026. He previously headed this division of the Aargau-based Franke Group from 2022 to 2024. He then served as CEO of WESCO AG in Wettingen, which was acquired by Franke in 2024.<\/p>\n","protected":false},"author":2,"featured_media":148251,"comment_status":"open","ping_status":"open","sticky":false,"template":"","format":"standard","meta":{"pmpro_default_level":"","inline_featured_image":false,"_monsterinsights_skip_tracking":false,"footnotes":""},"categories":[22697,12476,12484,55969],"tags":[28645,12525,12526,56932,56933,56934,12528,56935],"class_list":["post-148250","post","type-post","status-publish","format-standard","has-post-thumbnail","hentry","category-company","category-immonews","category-people","category-transactions-deals","tag-geschaeftsfuehrung-en","tag-immoinvest-en","tag-immonews-en","tag-kuechenloesungen","tag-lueftungssysteme","tag-markenstrategie","tag-news-en","tag-unternehmensintegration","pmpro-has-access"],"acf":{"bild_mit_ki_erstellt_worden":["Ja"],"lead":"Gregory Oswald will return as CEO for the DACH market at Franke Home Solutions on 1 February 2026. He previously headed this division of the Aargau-based Franke Group from 2022 to 2024. He then served as CEO of WESCO AG in Wettingen, which was acquired by Franke in 2024.","autor":"ce\/mm","ort":"Aarburg\/Wettingen AG","bildunterschrift":"","bild_im_grid":false,"gallerie":"","newsim":""},"aioseo_notices":[],"aioseo_head":"\n\t\t<!-- All in One SEO 5.0.0.1 - aioseo.com -->\n\t<meta name=\"description\" content=\"Gregory Oswald will return as CEO for the DACH market at Franke Home Solutions on 1 February 2026. He previously headed this division of the Aargau-based Franke Group from 2022 to 2024. He then served as CEO of WESCO AG in Wettingen, which was acquired by Franke in 2024.\" \/>\n\t<meta name=\"robots\" content=\"max-image-preview:large\" \/>\n\t<meta name=\"author\" content=\"immovestuser\"\/>\n\t<meta name=\"google-site-verification\" content=\"fHJKvgWpZCR2zVBHWfkQeFXC11qieUSff0HGNYfuyLA\" \/>\n\t<link rel=\"canonical\" href=\"https:\/\/www.immo-invest.ch\/en\/neuordnung-der-fuehrung-im-kuechen-und-lueftungsmarkt\/\" \/>\n\t<meta name=\"generator\" content=\"All in One SEO (AIOSEO) 5.0.0.1\" \/>\n\t\t<meta property=\"og:locale\" content=\"en_US\" \/>\n\t\t<meta property=\"og:site_name\" content=\"immo!nvest - Die Plattform f\u00fcr Standorte und Immobilien - Die\u00a0Plattform f\u00fcr Standorte und Immobilien\" \/>\n\t\t<meta property=\"og:type\" content=\"article\" \/>\n\t\t<meta property=\"og:title\" content=\"Reorganisation of leadership in the kitchen and ventilation market - immo!nvest - Die Plattform f\u00fcr Standorte und Immobilien\" \/>\n\t\t<meta property=\"og:description\" content=\"Gregory Oswald will return as CEO for the DACH market at Franke Home Solutions on 1 February 2026. He previously headed this division of the Aargau-based Franke Group from 2022 to 2024. He then served as CEO of WESCO AG in Wettingen, which was acquired by Franke in 2024.\" \/>\n\t\t<meta property=\"og:url\" content=\"https:\/\/www.immo-invest.ch\/en\/neuordnung-der-fuehrung-im-kuechen-und-lueftungsmarkt\/\" \/>\n\t\t<meta property=\"og:image\" content=\"https:\/\/www.immo-invest.ch\/wp-content\/uploads\/2026\/01\/banoviag_realistic_modern_corporate_office_interior_executive_38d051d9-7041-476b-b1a6-29a22e115f55_1.png\" \/>\n\t\t<meta property=\"og:image:secure_url\" content=\"https:\/\/www.immo-invest.ch\/wp-content\/uploads\/2026\/01\/banoviag_realistic_modern_corporate_office_interior_executive_38d051d9-7041-476b-b1a6-29a22e115f55_1.png\" \/>\n\t\t<meta property=\"og:image:width\" content=\"1536\" \/>\n\t\t<meta property=\"og:image:height\" content=\"768\" \/>\n\t\t<meta property=\"article:published_time\" content=\"2026-01-30T15:20:00+00:00\" \/>\n\t\t<meta property=\"article:modified_time\" content=\"2026-01-28T09:27:37+00:00\" \/>\n\t\t<meta property=\"article:publisher\" content=\"https:\/\/www.facebook.com\/people\/Immoinvest\/100077962920504\/\" \/>\n\t\t<meta name=\"twitter:card\" content=\"summary_large_image\" \/>\n\t\t<meta name=\"twitter:site\" content=\"@i\" \/>\n\t\t<meta name=\"twitter:title\" content=\"Reorganisation of leadership in the kitchen and ventilation market - immo!nvest - Die Plattform f\u00fcr Standorte und Immobilien\" \/>\n\t\t<meta name=\"twitter:description\" content=\"Gregory Oswald will return as CEO for the DACH market at Franke Home Solutions on 1 February 2026. He previously headed this division of the Aargau-based Franke Group from 2022 to 2024. He then served as CEO of WESCO AG in Wettingen, which was acquired by Franke in 2024.\" \/>\n\t\t<meta name=\"twitter:creator\" content=\"@i\" \/>\n\t\t<meta name=\"twitter:image\" content=\"https:\/\/www.immo-invest.ch\/wp-content\/uploads\/2026\/01\/banoviag_realistic_modern_corporate_office_interior_executive_38d051d9-7041-476b-b1a6-29a22e115f55_1.png\" \/>\n\t\t<script type=\"application\/ld+json\" class=\"aioseo-schema\">\n\t\t\t{\"@context\":\"https:\\\/\\\/schema.org\",\"@graph\":[{\"@type\":\"BlogPosting\",\"@id\":\"https:\\\/\\\/www.immo-invest.ch\\\/en\\\/neuordnung-der-fuehrung-im-kuechen-und-lueftungsmarkt\\\/#blogposting\",\"name\":\"Reorganisation of leadership in the kitchen and ventilation market - immo!nvest - Die Plattform f\\u00fcr Standorte und Immobilien\",\"headline\":\"Reorganisation of leadership in the kitchen and ventilation market\",\"author\":{\"@id\":\"https:\\\/\\\/www.immo-invest.ch\\\/en\\\/author\\\/immovestuser\\\/#author\"},\"publisher\":{\"@id\":\"https:\\\/\\\/www.immo-invest.ch\\\/en\\\/#organization\"},\"image\":{\"@type\":\"ImageObject\",\"url\":\"https:\\\/\\\/www.immo-invest.ch\\\/wp-content\\\/uploads\\\/2026\\\/01\\\/banoviag_realistic_modern_corporate_office_interior_executive_38d051d9-7041-476b-b1a6-29a22e115f55_1.png\",\"width\":1536,\"height\":768},\"datePublished\":\"2026-01-30T16:20:00+01:00\",\"dateModified\":\"2026-01-28T10:27:37+01:00\",\"inLanguage\":\"en-US\",\"mainEntityOfPage\":{\"@id\":\"https:\\\/\\\/www.immo-invest.ch\\\/en\\\/neuordnung-der-fuehrung-im-kuechen-und-lueftungsmarkt\\\/#webpage\"},\"isPartOf\":{\"@id\":\"https:\\\/\\\/www.immo-invest.ch\\\/en\\\/neuordnung-der-fuehrung-im-kuechen-und-lueftungsmarkt\\\/#webpage\"},\"articleSection\":\"Company, immoNews, People, Transactions \\\/ Deals, Gesch\\u00e4ftsf\\u00fchrung, Immoinvest, immoNews, K\\u00fcchenl\\u00f6sungen, L\\u00fcftungssysteme, Markenstrategie, News, Unternehmensintegration, Optional\"},{\"@type\":\"BreadcrumbList\",\"@id\":\"https:\\\/\\\/www.immo-invest.ch\\\/en\\\/neuordnung-der-fuehrung-im-kuechen-und-lueftungsmarkt\\\/#breadcrumblist\",\"itemListElement\":[{\"@type\":\"ListItem\",\"@id\":\"https:\\\/\\\/www.immo-invest.ch\\\/en\\\/#listItem\",\"position\":1,\"name\":\"Home\",\"item\":\"https:\\\/\\\/www.immo-invest.ch\\\/en\\\/\",\"nextItem\":{\"@type\":\"ListItem\",\"@id\":\"https:\\\/\\\/www.immo-invest.ch\\\/en\\\/category\\\/people-2\\\/#listItem\",\"name\":\"People\"}},{\"@type\":\"ListItem\",\"@id\":\"https:\\\/\\\/www.immo-invest.ch\\\/en\\\/category\\\/people-2\\\/#listItem\",\"position\":2,\"name\":\"People\",\"item\":\"https:\\\/\\\/www.immo-invest.ch\\\/en\\\/category\\\/people-2\\\/\",\"nextItem\":{\"@type\":\"ListItem\",\"@id\":\"https:\\\/\\\/www.immo-invest.ch\\\/en\\\/category\\\/people-2\\\/people\\\/#listItem\",\"name\":\"People\"},\"previousItem\":{\"@type\":\"ListItem\",\"@id\":\"https:\\\/\\\/www.immo-invest.ch\\\/en\\\/#listItem\",\"name\":\"Home\"}},{\"@type\":\"ListItem\",\"@id\":\"https:\\\/\\\/www.immo-invest.ch\\\/en\\\/category\\\/people-2\\\/people\\\/#listItem\",\"position\":3,\"name\":\"People\",\"item\":\"https:\\\/\\\/www.immo-invest.ch\\\/en\\\/category\\\/people-2\\\/people\\\/\",\"nextItem\":{\"@type\":\"ListItem\",\"@id\":\"https:\\\/\\\/www.immo-invest.ch\\\/en\\\/neuordnung-der-fuehrung-im-kuechen-und-lueftungsmarkt\\\/#listItem\",\"name\":\"Reorganisation of leadership in the kitchen and ventilation market\"},\"previousItem\":{\"@type\":\"ListItem\",\"@id\":\"https:\\\/\\\/www.immo-invest.ch\\\/en\\\/category\\\/people-2\\\/#listItem\",\"name\":\"People\"}},{\"@type\":\"ListItem\",\"@id\":\"https:\\\/\\\/www.immo-invest.ch\\\/en\\\/neuordnung-der-fuehrung-im-kuechen-und-lueftungsmarkt\\\/#listItem\",\"position\":4,\"name\":\"Reorganisation of leadership in the kitchen and ventilation market\",\"previousItem\":{\"@type\":\"ListItem\",\"@id\":\"https:\\\/\\\/www.immo-invest.ch\\\/en\\\/category\\\/people-2\\\/people\\\/#listItem\",\"name\":\"People\"}}]},{\"@type\":\"Organization\",\"@id\":\"https:\\\/\\\/www.immo-invest.ch\\\/en\\\/#organization\",\"name\":\"immo!nvest - Die Plattform f\\u00fcr Standorte und Immobilien\",\"description\":\"Die\\u00a0Plattform f\\u00fcr Standorte und Immobilien\",\"url\":\"https:\\\/\\\/www.immo-invest.ch\\\/en\\\/\",\"email\":\"admin@immomedia.ag\",\"telephone\":\"+41444420002\",\"logo\":{\"@type\":\"ImageObject\",\"url\":\"https:\\\/\\\/www.immo-invest.ch\\\/wp-content\\\/uploads\\\/2024\\\/09\\\/immoinvest_sm-scaled.jpg\",\"@id\":\"https:\\\/\\\/www.immo-invest.ch\\\/en\\\/neuordnung-der-fuehrung-im-kuechen-und-lueftungsmarkt\\\/#organizationLogo\",\"width\":2560,\"height\":1340},\"image\":{\"@id\":\"https:\\\/\\\/www.immo-invest.ch\\\/en\\\/neuordnung-der-fuehrung-im-kuechen-und-lueftungsmarkt\\\/#organizationLogo\"},\"sameAs\":[\"https:\\\/\\\/www.facebook.com\\\/people\\\/Immoinvest\\\/100077962920504\\\/\",\"https:\\\/\\\/x.com\\\/i\\\/flow\\\/login?redirect_after_login=immoinvest_ch\",\"https:\\\/\\\/www.instagram.com\\\/immoinvest_ch\\\/\",\"https:\\\/\\\/www.linkedin.com\\\/company\\\/immoinvest-swiss\"]},{\"@type\":\"Person\",\"@id\":\"https:\\\/\\\/www.immo-invest.ch\\\/en\\\/author\\\/immovestuser\\\/#author\",\"url\":\"https:\\\/\\\/www.immo-invest.ch\\\/en\\\/author\\\/immovestuser\\\/\",\"name\":\"immovestuser\",\"image\":{\"@type\":\"ImageObject\",\"@id\":\"https:\\\/\\\/www.immo-invest.ch\\\/en\\\/neuordnung-der-fuehrung-im-kuechen-und-lueftungsmarkt\\\/#authorImage\",\"url\":\"https:\\\/\\\/secure.gravatar.com\\\/avatar\\\/8e01f4d99f2eeea7a362ebb93305e1172a70e9293ba250f897a65c39f54cdd1e?s=96&d=mm&r=g\",\"width\":96,\"height\":96,\"caption\":\"immovestuser\"}},{\"@type\":\"WebPage\",\"@id\":\"https:\\\/\\\/www.immo-invest.ch\\\/en\\\/neuordnung-der-fuehrung-im-kuechen-und-lueftungsmarkt\\\/#webpage\",\"url\":\"https:\\\/\\\/www.immo-invest.ch\\\/en\\\/neuordnung-der-fuehrung-im-kuechen-und-lueftungsmarkt\\\/\",\"name\":\"Reorganisation of leadership in the kitchen and ventilation market - immo!nvest - Die Plattform f\\u00fcr Standorte und Immobilien\",\"description\":\"Gregory Oswald will return as CEO for the DACH market at Franke Home Solutions on 1 February 2026. He previously headed this division of the Aargau-based Franke Group from 2022 to 2024. He then served as CEO of WESCO AG in Wettingen, which was acquired by Franke in 2024.\",\"inLanguage\":\"en-US\",\"isPartOf\":{\"@id\":\"https:\\\/\\\/www.immo-invest.ch\\\/en\\\/#website\"},\"breadcrumb\":{\"@id\":\"https:\\\/\\\/www.immo-invest.ch\\\/en\\\/neuordnung-der-fuehrung-im-kuechen-und-lueftungsmarkt\\\/#breadcrumblist\"},\"author\":{\"@id\":\"https:\\\/\\\/www.immo-invest.ch\\\/en\\\/author\\\/immovestuser\\\/#author\"},\"creator\":{\"@id\":\"https:\\\/\\\/www.immo-invest.ch\\\/en\\\/author\\\/immovestuser\\\/#author\"},\"image\":{\"@type\":\"ImageObject\",\"url\":\"https:\\\/\\\/www.immo-invest.ch\\\/wp-content\\\/uploads\\\/2026\\\/01\\\/banoviag_realistic_modern_corporate_office_interior_executive_38d051d9-7041-476b-b1a6-29a22e115f55_1.png\",\"@id\":\"https:\\\/\\\/www.immo-invest.ch\\\/en\\\/neuordnung-der-fuehrung-im-kuechen-und-lueftungsmarkt\\\/#mainImage\",\"width\":1536,\"height\":768},\"primaryImageOfPage\":{\"@id\":\"https:\\\/\\\/www.immo-invest.ch\\\/en\\\/neuordnung-der-fuehrung-im-kuechen-und-lueftungsmarkt\\\/#mainImage\"},\"datePublished\":\"2026-01-30T16:20:00+01:00\",\"dateModified\":\"2026-01-28T10:27:37+01:00\"},{\"@type\":\"WebSite\",\"@id\":\"https:\\\/\\\/www.immo-invest.ch\\\/en\\\/#website\",\"url\":\"https:\\\/\\\/www.immo-invest.ch\\\/en\\\/\",\"name\":\"immo!nvest - Die Plattform f\\u00fcr Standorte und Immobilien\",\"description\":\"Die\\u00a0Plattform f\\u00fcr Standorte und Immobilien\",\"inLanguage\":\"en-US\",\"publisher\":{\"@id\":\"https:\\\/\\\/www.immo-invest.ch\\\/en\\\/#organization\"}}]}\n\t\t<\/script>\n\t\t<!-- All in One SEO -->\n\n","aioseo_head_json":{"title":"Reorganisation of leadership in the kitchen and ventilation market - immo!nvest - Die Plattform f\u00fcr Standorte und Immobilien","description":"Gregory Oswald will return as CEO for the DACH market at Franke Home Solutions on 1 February 2026. He previously headed this division of the Aargau-based Franke Group from 2022 to 2024. He then served as CEO of WESCO AG in Wettingen, which was acquired by Franke in 2024.","canonical_url":"https:\/\/www.immo-invest.ch\/en\/neuordnung-der-fuehrung-im-kuechen-und-lueftungsmarkt\/","robots":"max-image-preview:large","keywords":"","webmasterTools":{"google-site-verification":"fHJKvgWpZCR2zVBHWfkQeFXC11qieUSff0HGNYfuyLA","miscellaneous":""},"schema":{"@context":"https:\/\/schema.org","@graph":[{"@type":"BlogPosting","@id":"https:\/\/www.immo-invest.ch\/en\/neuordnung-der-fuehrung-im-kuechen-und-lueftungsmarkt\/#blogposting","name":"Reorganisation of leadership in the kitchen and ventilation market - immo!nvest - Die Plattform f\u00fcr Standorte und Immobilien","headline":"Reorganisation of leadership in the kitchen and ventilation market","author":{"@id":"https:\/\/www.immo-invest.ch\/en\/author\/immovestuser\/#author"},"publisher":{"@id":"https:\/\/www.immo-invest.ch\/en\/#organization"},"image":{"@type":"ImageObject","url":"https:\/\/www.immo-invest.ch\/wp-content\/uploads\/2026\/01\/banoviag_realistic_modern_corporate_office_interior_executive_38d051d9-7041-476b-b1a6-29a22e115f55_1.png","width":1536,"height":768},"datePublished":"2026-01-30T16:20:00+01:00","dateModified":"2026-01-28T10:27:37+01:00","inLanguage":"en-US","mainEntityOfPage":{"@id":"https:\/\/www.immo-invest.ch\/en\/neuordnung-der-fuehrung-im-kuechen-und-lueftungsmarkt\/#webpage"},"isPartOf":{"@id":"https:\/\/www.immo-invest.ch\/en\/neuordnung-der-fuehrung-im-kuechen-und-lueftungsmarkt\/#webpage"},"articleSection":"Company, immoNews, People, Transactions \/ Deals, Gesch\u00e4ftsf\u00fchrung, Immoinvest, immoNews, K\u00fcchenl\u00f6sungen, L\u00fcftungssysteme, Markenstrategie, News, Unternehmensintegration, Optional"},{"@type":"BreadcrumbList","@id":"https:\/\/www.immo-invest.ch\/en\/neuordnung-der-fuehrung-im-kuechen-und-lueftungsmarkt\/#breadcrumblist","itemListElement":[{"@type":"ListItem","@id":"https:\/\/www.immo-invest.ch\/en\/#listItem","position":1,"name":"Home","item":"https:\/\/www.immo-invest.ch\/en\/","nextItem":{"@type":"ListItem","@id":"https:\/\/www.immo-invest.ch\/en\/category\/people-2\/#listItem","name":"People"}},{"@type":"ListItem","@id":"https:\/\/www.immo-invest.ch\/en\/category\/people-2\/#listItem","position":2,"name":"People","item":"https:\/\/www.immo-invest.ch\/en\/category\/people-2\/","nextItem":{"@type":"ListItem","@id":"https:\/\/www.immo-invest.ch\/en\/category\/people-2\/people\/#listItem","name":"People"},"previousItem":{"@type":"ListItem","@id":"https:\/\/www.immo-invest.ch\/en\/#listItem","name":"Home"}},{"@type":"ListItem","@id":"https:\/\/www.immo-invest.ch\/en\/category\/people-2\/people\/#listItem","position":3,"name":"People","item":"https:\/\/www.immo-invest.ch\/en\/category\/people-2\/people\/","nextItem":{"@type":"ListItem","@id":"https:\/\/www.immo-invest.ch\/en\/neuordnung-der-fuehrung-im-kuechen-und-lueftungsmarkt\/#listItem","name":"Reorganisation of leadership in the kitchen and ventilation market"},"previousItem":{"@type":"ListItem","@id":"https:\/\/www.immo-invest.ch\/en\/category\/people-2\/#listItem","name":"People"}},{"@type":"ListItem","@id":"https:\/\/www.immo-invest.ch\/en\/neuordnung-der-fuehrung-im-kuechen-und-lueftungsmarkt\/#listItem","position":4,"name":"Reorganisation of leadership in the kitchen and ventilation market","previousItem":{"@type":"ListItem","@id":"https:\/\/www.immo-invest.ch\/en\/category\/people-2\/people\/#listItem","name":"People"}}]},{"@type":"Organization","@id":"https:\/\/www.immo-invest.ch\/en\/#organization","name":"immo!nvest - Die Plattform f\u00fcr Standorte und Immobilien","description":"Die\u00a0Plattform f\u00fcr Standorte und Immobilien","url":"https:\/\/www.immo-invest.ch\/en\/","email":"admin@immomedia.ag","telephone":"+41444420002","logo":{"@type":"ImageObject","url":"https:\/\/www.immo-invest.ch\/wp-content\/uploads\/2024\/09\/immoinvest_sm-scaled.jpg","@id":"https:\/\/www.immo-invest.ch\/en\/neuordnung-der-fuehrung-im-kuechen-und-lueftungsmarkt\/#organizationLogo","width":2560,"height":1340},"image":{"@id":"https:\/\/www.immo-invest.ch\/en\/neuordnung-der-fuehrung-im-kuechen-und-lueftungsmarkt\/#organizationLogo"},"sameAs":["https:\/\/www.facebook.com\/people\/Immoinvest\/100077962920504\/","https:\/\/x.com\/i\/flow\/login?redirect_after_login=immoinvest_ch","https:\/\/www.instagram.com\/immoinvest_ch\/","https:\/\/www.linkedin.com\/company\/immoinvest-swiss"]},{"@type":"Person","@id":"https:\/\/www.immo-invest.ch\/en\/author\/immovestuser\/#author","url":"https:\/\/www.immo-invest.ch\/en\/author\/immovestuser\/","name":"immovestuser","image":{"@type":"ImageObject","@id":"https:\/\/www.immo-invest.ch\/en\/neuordnung-der-fuehrung-im-kuechen-und-lueftungsmarkt\/#authorImage","url":"https:\/\/secure.gravatar.com\/avatar\/8e01f4d99f2eeea7a362ebb93305e1172a70e9293ba250f897a65c39f54cdd1e?s=96&d=mm&r=g","width":96,"height":96,"caption":"immovestuser"}},{"@type":"WebPage","@id":"https:\/\/www.immo-invest.ch\/en\/neuordnung-der-fuehrung-im-kuechen-und-lueftungsmarkt\/#webpage","url":"https:\/\/www.immo-invest.ch\/en\/neuordnung-der-fuehrung-im-kuechen-und-lueftungsmarkt\/","name":"Reorganisation of leadership in the kitchen and ventilation market - immo!nvest - Die Plattform f\u00fcr Standorte und Immobilien","description":"Gregory Oswald will return as CEO for the DACH market at Franke Home Solutions on 1 February 2026. He previously headed this division of the Aargau-based Franke Group from 2022 to 2024. He then served as CEO of WESCO AG in Wettingen, which was acquired by Franke in 2024.","inLanguage":"en-US","isPartOf":{"@id":"https:\/\/www.immo-invest.ch\/en\/#website"},"breadcrumb":{"@id":"https:\/\/www.immo-invest.ch\/en\/neuordnung-der-fuehrung-im-kuechen-und-lueftungsmarkt\/#breadcrumblist"},"author":{"@id":"https:\/\/www.immo-invest.ch\/en\/author\/immovestuser\/#author"},"creator":{"@id":"https:\/\/www.immo-invest.ch\/en\/author\/immovestuser\/#author"},"image":{"@type":"ImageObject","url":"https:\/\/www.immo-invest.ch\/wp-content\/uploads\/2026\/01\/banoviag_realistic_modern_corporate_office_interior_executive_38d051d9-7041-476b-b1a6-29a22e115f55_1.png","@id":"https:\/\/www.immo-invest.ch\/en\/neuordnung-der-fuehrung-im-kuechen-und-lueftungsmarkt\/#mainImage","width":1536,"height":768},"primaryImageOfPage":{"@id":"https:\/\/www.immo-invest.ch\/en\/neuordnung-der-fuehrung-im-kuechen-und-lueftungsmarkt\/#mainImage"},"datePublished":"2026-01-30T16:20:00+01:00","dateModified":"2026-01-28T10:27:37+01:00"},{"@type":"WebSite","@id":"https:\/\/www.immo-invest.ch\/en\/#website","url":"https:\/\/www.immo-invest.ch\/en\/","name":"immo!nvest - Die Plattform f\u00fcr Standorte und Immobilien","description":"Die\u00a0Plattform f\u00fcr Standorte und Immobilien","inLanguage":"en-US","publisher":{"@id":"https:\/\/www.immo-invest.ch\/en\/#organization"}}]},"og:locale":"en_US","og:site_name":"immo!nvest - Die Plattform f\u00fcr Standorte und Immobilien - Die\u00a0Plattform f\u00fcr Standorte und Immobilien","og:type":"article","og:title":"Reorganisation of leadership in the kitchen and ventilation market - immo!nvest - Die Plattform f\u00fcr Standorte und Immobilien","og:description":"Gregory Oswald will return as CEO for the DACH market at Franke Home Solutions on 1 February 2026. He previously headed this division of the Aargau-based Franke Group from 2022 to 2024. He then served as CEO of WESCO AG in Wettingen, which was acquired by Franke in 2024.","og:url":"https:\/\/www.immo-invest.ch\/en\/neuordnung-der-fuehrung-im-kuechen-und-lueftungsmarkt\/","og:image":"https:\/\/www.immo-invest.ch\/wp-content\/uploads\/2026\/01\/banoviag_realistic_modern_corporate_office_interior_executive_38d051d9-7041-476b-b1a6-29a22e115f55_1.png","og:image:secure_url":"https:\/\/www.immo-invest.ch\/wp-content\/uploads\/2026\/01\/banoviag_realistic_modern_corporate_office_interior_executive_38d051d9-7041-476b-b1a6-29a22e115f55_1.png","og:image:width":1536,"og:image:height":768,"article:published_time":"2026-01-30T15:20:00+00:00","article:modified_time":"2026-01-28T09:27:37+00:00","article:publisher":"https:\/\/www.facebook.com\/people\/Immoinvest\/100077962920504\/","twitter:card":"summary_large_image","twitter:site":"@i","twitter:title":"Reorganisation of leadership in the kitchen and ventilation market - immo!nvest - Die Plattform f\u00fcr Standorte und Immobilien","twitter:description":"Gregory Oswald will return as CEO for the DACH market at Franke Home Solutions on 1 February 2026. He previously headed this division of the Aargau-based Franke Group from 2022 to 2024. He then served as CEO of WESCO AG in Wettingen, which was acquired by Franke in 2024.","twitter:creator":"@i","twitter:image":"https:\/\/www.immo-invest.ch\/wp-content\/uploads\/2026\/01\/banoviag_realistic_modern_corporate_office_interior_executive_38d051d9-7041-476b-b1a6-29a22e115f55_1.png"},"aioseo_meta_data":{"post_id":"148250","title":null,"description":null,"keywords":null,"keyphrases":{"focus":{"keyphrase":"","score":0,"analysis":{"keyphraseInTitle":{"score":0,"maxScore":9,"error":1}}},"additional":[]},"primary_term":null,"canonical_url":null,"og_title":null,"og_description":null,"og_object_type":"default","og_image_type":"default","og_image_url":null,"og_image_width":null,"og_image_height":null,"og_image_custom_url":null,"og_image_custom_fields":null,"og_video":"","og_custom_url":null,"og_article_section":null,"og_article_tags":null,"twitter_use_og":false,"twitter_card":"default","twitter_image_type":"default","twitter_image_url":null,"twitter_image_custom_url":null,"twitter_image_custom_fields":null,"twitter_title":null,"twitter_description":null,"schema":{"blockGraphs":[],"customGraphs":[],"default":{"data":{"Article":[],"Course":[],"Dataset":[],"FAQPage":[],"Movie":[],"Person":[],"Product":[],"ProductReview":[],"Car":[],"Recipe":[],"Service":[],"SoftwareApplication":[],"WebPage":[]},"graphName":"BlogPosting","isEnabled":true},"graphs":[]},"schema_type":"default","schema_type_options":null,"pillar_content":false,"robots_default":true,"robots_noindex":false,"robots_noarchive":false,"robots_nosnippet":false,"robots_nofollow":false,"robots_noimageindex":false,"robots_noodp":false,"robots_notranslate":false,"robots_max_snippet":"-1","robots_max_videopreview":"-1","robots_max_imagepreview":"large","priority":null,"frequency":"default","local_seo":null,"breadcrumb_settings":null,"limit_modified_date":false,"ai":{"faqs":[],"keyPoints":[],"titles":[],"descriptions":[],"socialPosts":{"email":[],"linkedin":[],"twitter":[],"facebook":[],"instagram":[]}},"created":"2026-01-28 09:27:42","updated":"2026-01-30 15:25:43","seo_analyzer_scan_date":null,"focus_keyword":null,"additional_keywords":null,"truseo_locale":null},"aioseo_breadcrumb":"<div class=\"aioseo-breadcrumbs\"><span class=\"aioseo-breadcrumb\">\n\t\t\t<a href=\"https:\/\/www.immo-invest.ch\/en\/\" title=\"Home\">Home<\/a>\n\t\t<\/span><span class=\"aioseo-breadcrumb-separator\">&raquo;<\/span><span class=\"aioseo-breadcrumb\">\n\t\t\t<a href=\"https:\/\/www.immo-invest.ch\/en\/category\/people-2\/\" title=\"People\">People<\/a>\n\t\t<\/span><span class=\"aioseo-breadcrumb-separator\">&raquo;<\/span><span class=\"aioseo-breadcrumb\">\n\t\t\t<a href=\"https:\/\/www.immo-invest.ch\/en\/category\/people-2\/people\/\" title=\"People\">People<\/a>\n\t\t<\/span><span class=\"aioseo-breadcrumb-separator\">&raquo;<\/span><span class=\"aioseo-breadcrumb\">\n\t\t\tReorganisation of leadership in the kitchen and ventilation market\n\t\t<\/span><\/div>","aioseo_breadcrumb_json":[{"label":"Home","link":"https:\/\/www.immo-invest.ch\/en\/"},{"label":"People","link":"https:\/\/www.immo-invest.ch\/en\/category\/people-2\/"},{"label":"People","link":"https:\/\/www.immo-invest.ch\/en\/category\/people-2\/people\/"},{"label":"Reorganisation of leadership in the kitchen and ventilation market","link":"https:\/\/www.immo-invest.ch\/en\/neuordnung-der-fuehrung-im-kuechen-und-lueftungsmarkt\/"}],"featured_image_src":"https:\/\/www.immo-invest.ch\/wp-content\/uploads\/2026\/01\/banoviag_realistic_modern_corporate_office_interior_executive_38d051d9-7041-476b-b1a6-29a22e115f55_1-336x168.png","_links":{"self":[{"href":"https:\/\/www.immo-invest.ch\/en\/wp-json\/wp\/v2\/posts\/148250","targetHints":{"allow":["GET"]}}],"collection":[{"href":"https:\/\/www.immo-invest.ch\/en\/wp-json\/wp\/v2\/posts"}],"about":[{"href":"https:\/\/www.immo-invest.ch\/en\/wp-json\/wp\/v2\/types\/post"}],"author":[{"embeddable":true,"href":"https:\/\/www.immo-invest.ch\/en\/wp-json\/wp\/v2\/users\/2"}],"replies":[{"embeddable":true,"href":"https:\/\/www.immo-invest.ch\/en\/wp-json\/wp\/v2\/comments?post=148250"}],"version-history":[{"count":2,"href":"https:\/\/www.immo-invest.ch\/en\/wp-json\/wp\/v2\/posts\/148250\/revisions"}],"predecessor-version":[{"id":148259,"href":"https:\/\/www.immo-invest.ch\/en\/wp-json\/wp\/v2\/posts\/148250\/revisions\/148259"}],"wp:featuredmedia":[{"embeddable":true,"href":"https:\/\/www.immo-invest.ch\/en\/wp-json\/wp\/v2\/media\/148251"}],"wp:attachment":[{"href":"https:\/\/www.immo-invest.ch\/en\/wp-json\/wp\/v2\/media?parent=148250"}],"wp:term":[{"taxonomy":"category","embeddable":true,"href":"https:\/\/www.immo-invest.ch\/en\/wp-json\/wp\/v2\/categories?post=148250"},{"taxonomy":"post_tag","embeddable":true,"href":"https:\/\/www.immo-invest.ch\/en\/wp-json\/wp\/v2\/tags?post=148250"}],"curies":[{"name":"wp","href":"https:\/\/api.w.org\/{rel}","templated":true}]}}