{"id":139882,"date":"2025-09-19T12:20:00","date_gmt":"2025-09-19T10:20:00","guid":{"rendered":"https:\/\/www.immo-invest.ch\/?p=139882"},"modified":"2025-10-21T17:11:19","modified_gmt":"2025-10-21T15:11:19","slug":"170-meter-turm-setzt-akzente-im-quartier-de-letoile","status":"publish","type":"post","link":"https:\/\/www.immo-invest.ch\/en\/170-meter-turm-setzt-akzente-im-quartier-de-letoile\/","title":{"rendered":"170-metre tower sets the tone in the Quartier de l&#8217;\u00c9toile"},"content":{"rendered":"<p class=\"bodytext\"><a href=\"https:\/\/www.halter.ch\/\" target=\"_blank\" rel=\"noopener\">Halter AG<\/a>, based in Schlieren, and Fordinvest (Schweiz) Immobilien GmbH, based in Pf&auml;ffikon SZ, are realising the Tour de l&rsquo;&Eacute;toile 3 in Geneva. According to a <a href=\"https:\/\/www.halter.ch\/de\/medien\/startschuss-fuer-hochhausensemble-in-genf-halter-und-fordinvest-entwickeln-neben-rolex-eines-der-beiden-projekte-mit-einer-hoehe-von-rund-170-metern\" target=\"_blank\" rel=\"noopener\">press release<\/a>, the high-rise building will be located in the new <a href=\"https:\/\/www.ge.ch\/dossier\/praille-acacias-vernets-pav\/neuf-quartiers-du-projet-pav\/etoile\" target=\"_blank\" rel=\"noopener\"><span class=\"glossaryLink\" aria-describedby=\"tt\" data-cmtooltip=\"&lt;div class=glossaryItemTitle&gt;Quartier&lt;\/div&gt;&lt;div class=glossaryItemBody&gt;Amtliches, historisches, soziales oder stadtplanerisches Stadtviertel&lt;\/div&gt;\" data-mobile-support=\"0\" data-gt-translate-attributes='[{\"attribute\":\"data-cmtooltip\", \"format\":\"html\"}]' tabindex=\"0\" role=\"link\">Quartier<\/span> de l&rsquo;&Eacute;toile<\/a> in Geneva and will offer more than 300 flats, spaces for public facilities, restaurants, shops and services as well as a top floor open to the public. With a height of 170 metres and an area of over 50,000 square metres, it is set to become an architectural landmark in Geneva.<\/p>\n<p class=\"bodytext\">The background to the project is the Praille-Acacias-Vernets<a href=\"https:\/\/www.ge.ch\/dossier\/praille-acacias-vernets-pav\" target=\"_blank\" rel=\"noopener\">(PAV<\/a>) spatial planning project in Geneva. As part of this project, nine new urban neighbourhoods with over 12,000 flats, 6,000 workplaces, public facilities and open and green spaces are to be built over an area of more than 140 hectares in the coming years. The signing of the planning agreement with the <a href=\"https:\/\/fondationpav.ch\/presentation\/\" target=\"_blank\" rel=\"noopener\">Fondation Praille-Acacias-Vernets<\/a> and the <a href=\"https:\/\/www.ge.ch\/\" target=\"_blank\" rel=\"noopener\">Canton of Geneva<\/a> has now paved the way for the development of two high-rise buildings.<\/p>\n<p class=\"bodytext\">Together with the high-rise building planned by <a href=\"https:\/\/www.rolex.com\/de\" target=\"_blank\" rel=\"noopener\">Rolex<\/a>, Tour de l&rsquo;&Eacute;toile 3 will form a central element of the PAV development project and contribute to the social and functional diversity of the l&rsquo;&Eacute;toile neighbourhood. Fordinvest acquired the existing Tour de l&rsquo;&Eacute;toile back in 2000 and initiated the development of the new tower block. Halter is assuming responsibility for the realisation of Tour de l&rsquo;&Eacute;toile 3 as the overall provider. The company is also already present in the PAV project with one completed high-rise project and plans to build another in 2026.<\/p>\n","protected":false},"excerpt":{"rendered":"<p>Halter and Fordinvest are developing the Tour de l&#8217;\u00c9toile 3 high-rise building as part of the Praille-Acacias-Vernets spatial planning project in Geneva. The 170 metre high building will provide space for 300 flats, restaurants and shops, among other things.<\/p>\n","protected":false},"author":2,"featured_media":142093,"comment_status":"open","ping_status":"open","sticky":false,"template":"","format":"standard","meta":{"pmpro_default_level":"","inline_featured_image":false,"_monsterinsights_skip_tracking":false,"footnotes":""},"categories":[12476,12489,12485,39679],"tags":[13068,14681,12525,12526,12528,39701],"class_list":["post-139882","post","type-post","status-publish","format-standard","has-post-thumbnail","hentry","category-immonews","category-new-construction","category-projects-en","category-standorte-en","tag-genf-en","tag-hochhaus-en","tag-immoinvest-en","tag-immonews-en","tag-news-en","tag-stadtentwicklung-en","pmpro-has-access"],"acf":{"bild_mit_ki_erstellt_worden":[],"lead":"Halter and Fordinvest are developing the Tour de l'\u00c9toile 3 high-rise building as part of the Praille-Acacias-Vernets spatial planning project in Geneva. The 170 metre high building will provide space for 300 flats, restaurants and shops, among other things.\r\n","autor":"ce\/nta","ort":"Schlieren ZH\/Pf\u00e4ffikon SZ\/Genf","bildunterschrift":"Photo: Halter AG","bild_im_grid":false,"gallerie":"","newsim":""},"aioseo_notices":[],"aioseo_head":"\n\t\t<!-- All in One SEO 5.0.1.1 - aioseo.com -->\n\t<meta name=\"description\" content=\"Halter and Fordinvest are developing the Tour de l&#039;\u00c9toile 3 high-rise building as part of the Praille-Acacias-Vernets spatial planning project in Geneva. The 170 metre high building will provide space for 300 flats, restaurants and shops, among other things.\" \/>\n\t<meta name=\"robots\" content=\"max-image-preview:large\" \/>\n\t<meta name=\"author\" content=\"immovestuser\"\/>\n\t<meta name=\"google-site-verification\" content=\"fHJKvgWpZCR2zVBHWfkQeFXC11qieUSff0HGNYfuyLA\" \/>\n\t<link rel=\"canonical\" href=\"https:\/\/www.immo-invest.ch\/en\/170-meter-turm-setzt-akzente-im-quartier-de-letoile\/\" \/>\n\t<meta name=\"generator\" content=\"All in One SEO (AIOSEO) 5.0.1.1\" \/>\n\t\t<meta property=\"og:locale\" content=\"en_US\" \/>\n\t\t<meta property=\"og:site_name\" content=\"immo!nvest - Die Plattform f\u00fcr Standorte und Immobilien - Die\u00a0Plattform f\u00fcr Standorte und Immobilien\" \/>\n\t\t<meta property=\"og:type\" content=\"article\" \/>\n\t\t<meta property=\"og:title\" content=\"170-metre tower sets the tone in the Quartier de l\u2019\u00c9toile - immo!nvest - Die Plattform f\u00fcr Standorte und Immobilien\" \/>\n\t\t<meta property=\"og:description\" content=\"Halter and Fordinvest are developing the Tour de l&#039;\u00c9toile 3 high-rise building as part of the Praille-Acacias-Vernets spatial planning project in Geneva. The 170 metre high building will provide space for 300 flats, restaurants and shops, among other things.\" \/>\n\t\t<meta property=\"og:url\" content=\"https:\/\/www.immo-invest.ch\/en\/170-meter-turm-setzt-akzente-im-quartier-de-letoile\/\" \/>\n\t\t<meta property=\"og:image\" content=\"https:\/\/www.immo-invest.ch\/wp-content\/uploads\/2025\/09\/PAV_Image-nocturne-\u00a9Pierre-Alain-Dupraz-architectes-Goncalo-Byrne-arquitectos-photographie-Yves-Andre-scaled.jpg\" \/>\n\t\t<meta property=\"og:image:secure_url\" content=\"https:\/\/www.immo-invest.ch\/wp-content\/uploads\/2025\/09\/PAV_Image-nocturne-\u00a9Pierre-Alain-Dupraz-architectes-Goncalo-Byrne-arquitectos-photographie-Yves-Andre-scaled.jpg\" \/>\n\t\t<meta property=\"article:published_time\" content=\"2025-09-19T10:20:00+00:00\" \/>\n\t\t<meta property=\"article:modified_time\" content=\"2025-10-21T15:11:19+00:00\" \/>\n\t\t<meta property=\"article:publisher\" content=\"https:\/\/www.facebook.com\/people\/Immoinvest\/100077962920504\/\" \/>\n\t\t<meta name=\"twitter:card\" content=\"summary_large_image\" \/>\n\t\t<meta name=\"twitter:site\" content=\"@i\" \/>\n\t\t<meta name=\"twitter:title\" content=\"170-metre tower sets the tone in the Quartier de l\u2019\u00c9toile - immo!nvest - Die Plattform f\u00fcr Standorte und Immobilien\" \/>\n\t\t<meta name=\"twitter:description\" content=\"Halter and Fordinvest are developing the Tour de l&#039;\u00c9toile 3 high-rise building as part of the Praille-Acacias-Vernets spatial planning project in Geneva. The 170 metre high building will provide space for 300 flats, restaurants and shops, among other things.\" \/>\n\t\t<meta name=\"twitter:creator\" content=\"@i\" \/>\n\t\t<meta name=\"twitter:image\" content=\"https:\/\/www.immo-invest.ch\/wp-content\/uploads\/2025\/09\/PAV_Image-nocturne-\u00a9Pierre-Alain-Dupraz-architectes-Goncalo-Byrne-arquitectos-photographie-Yves-Andre-scaled.jpg\" \/>\n\t\t<script type=\"application\/ld+json\" class=\"aioseo-schema\">\n\t\t\t{\"@context\":\"https:\\\/\\\/schema.org\",\"@graph\":[{\"@type\":\"BlogPosting\",\"@id\":\"https:\\\/\\\/www.immo-invest.ch\\\/en\\\/170-meter-turm-setzt-akzente-im-quartier-de-letoile\\\/#blogposting\",\"name\":\"170-metre tower sets the tone in the Quartier de l\\u2019\\u00c9toile - immo!nvest - Die Plattform f\\u00fcr Standorte und Immobilien\",\"headline\":\"170-metre tower sets the tone in the Quartier de l&#8217;\\u00c9toile\",\"author\":{\"@id\":\"https:\\\/\\\/www.immo-invest.ch\\\/en\\\/author\\\/immovestuser\\\/#author\"},\"publisher\":{\"@id\":\"https:\\\/\\\/www.immo-invest.ch\\\/en\\\/#organization\"},\"image\":{\"@type\":\"ImageObject\",\"url\":\"https:\\\/\\\/www.immo-invest.ch\\\/wp-content\\\/uploads\\\/2025\\\/09\\\/PAV_Image-nocturne-\\u00a9Pierre-Alain-Dupraz-architectes-Goncalo-Byrne-arquitectos-photographie-Yves-Andre-scaled.jpg\",\"caption\":\"Documentation du site du PAV, film 3, 11 novembre 2009\"},\"datePublished\":\"2025-09-19T12:20:00+02:00\",\"dateModified\":\"2025-10-21T17:11:19+02:00\",\"inLanguage\":\"en-US\",\"mainEntityOfPage\":{\"@id\":\"https:\\\/\\\/www.immo-invest.ch\\\/en\\\/170-meter-turm-setzt-akzente-im-quartier-de-letoile\\\/#webpage\"},\"isPartOf\":{\"@id\":\"https:\\\/\\\/www.immo-invest.ch\\\/en\\\/170-meter-turm-setzt-akzente-im-quartier-de-letoile\\\/#webpage\"},\"articleSection\":\"immoNews, New construction, Projects, Standorte, Genf, hochhaus, Immoinvest, immoNews, News, Stadtentwicklung, Optional\"},{\"@type\":\"BreadcrumbList\",\"@id\":\"https:\\\/\\\/www.immo-invest.ch\\\/en\\\/170-meter-turm-setzt-akzente-im-quartier-de-letoile\\\/#breadcrumblist\",\"itemListElement\":[{\"@type\":\"ListItem\",\"@id\":\"https:\\\/\\\/www.immo-invest.ch\\\/en\\\/#listItem\",\"position\":1,\"name\":\"Home\",\"item\":\"https:\\\/\\\/www.immo-invest.ch\\\/en\\\/\",\"nextItem\":{\"@type\":\"ListItem\",\"@id\":\"https:\\\/\\\/www.immo-invest.ch\\\/en\\\/category\\\/projects-en\\\/#listItem\",\"name\":\"Projects\"}},{\"@type\":\"ListItem\",\"@id\":\"https:\\\/\\\/www.immo-invest.ch\\\/en\\\/category\\\/projects-en\\\/#listItem\",\"position\":2,\"name\":\"Projects\",\"item\":\"https:\\\/\\\/www.immo-invest.ch\\\/en\\\/category\\\/projects-en\\\/\",\"nextItem\":{\"@type\":\"ListItem\",\"@id\":\"https:\\\/\\\/www.immo-invest.ch\\\/en\\\/category\\\/projects-en\\\/new-construction\\\/#listItem\",\"name\":\"New construction\"},\"previousItem\":{\"@type\":\"ListItem\",\"@id\":\"https:\\\/\\\/www.immo-invest.ch\\\/en\\\/#listItem\",\"name\":\"Home\"}},{\"@type\":\"ListItem\",\"@id\":\"https:\\\/\\\/www.immo-invest.ch\\\/en\\\/category\\\/projects-en\\\/new-construction\\\/#listItem\",\"position\":3,\"name\":\"New construction\",\"item\":\"https:\\\/\\\/www.immo-invest.ch\\\/en\\\/category\\\/projects-en\\\/new-construction\\\/\",\"nextItem\":{\"@type\":\"ListItem\",\"@id\":\"https:\\\/\\\/www.immo-invest.ch\\\/en\\\/170-meter-turm-setzt-akzente-im-quartier-de-letoile\\\/#listItem\",\"name\":\"170-metre tower sets the tone in the Quartier de l&#8217;\\u00c9toile\"},\"previousItem\":{\"@type\":\"ListItem\",\"@id\":\"https:\\\/\\\/www.immo-invest.ch\\\/en\\\/category\\\/projects-en\\\/#listItem\",\"name\":\"Projects\"}},{\"@type\":\"ListItem\",\"@id\":\"https:\\\/\\\/www.immo-invest.ch\\\/en\\\/170-meter-turm-setzt-akzente-im-quartier-de-letoile\\\/#listItem\",\"position\":4,\"name\":\"170-metre tower sets the tone in the Quartier de l&#8217;\\u00c9toile\",\"previousItem\":{\"@type\":\"ListItem\",\"@id\":\"https:\\\/\\\/www.immo-invest.ch\\\/en\\\/category\\\/projects-en\\\/new-construction\\\/#listItem\",\"name\":\"New construction\"}}]},{\"@type\":\"Organization\",\"@id\":\"https:\\\/\\\/www.immo-invest.ch\\\/en\\\/#organization\",\"name\":\"immo!nvest - Die Plattform f\\u00fcr Standorte und Immobilien\",\"description\":\"Die\\u00a0Plattform f\\u00fcr Standorte und Immobilien\",\"url\":\"https:\\\/\\\/www.immo-invest.ch\\\/en\\\/\",\"email\":\"admin@immomedia.ag\",\"telephone\":\"+41444420002\",\"logo\":{\"@type\":\"ImageObject\",\"url\":\"https:\\\/\\\/www.immo-invest.ch\\\/wp-content\\\/uploads\\\/2024\\\/09\\\/immoinvest_sm-scaled.jpg\",\"@id\":\"https:\\\/\\\/www.immo-invest.ch\\\/en\\\/170-meter-turm-setzt-akzente-im-quartier-de-letoile\\\/#organizationLogo\",\"width\":2560,\"height\":1340},\"image\":{\"@id\":\"https:\\\/\\\/www.immo-invest.ch\\\/en\\\/170-meter-turm-setzt-akzente-im-quartier-de-letoile\\\/#organizationLogo\"},\"sameAs\":[\"https:\\\/\\\/www.facebook.com\\\/people\\\/Immoinvest\\\/100077962920504\\\/\",\"https:\\\/\\\/x.com\\\/i\\\/flow\\\/login?redirect_after_login=immoinvest_ch\",\"https:\\\/\\\/www.instagram.com\\\/immoinvest_ch\\\/\",\"https:\\\/\\\/www.linkedin.com\\\/company\\\/immoinvest-swiss\"]},{\"@type\":\"Person\",\"@id\":\"https:\\\/\\\/www.immo-invest.ch\\\/en\\\/author\\\/immovestuser\\\/#author\",\"url\":\"https:\\\/\\\/www.immo-invest.ch\\\/en\\\/author\\\/immovestuser\\\/\",\"name\":\"immovestuser\",\"image\":{\"@type\":\"ImageObject\",\"@id\":\"https:\\\/\\\/www.immo-invest.ch\\\/en\\\/170-meter-turm-setzt-akzente-im-quartier-de-letoile\\\/#authorImage\",\"url\":\"https:\\\/\\\/secure.gravatar.com\\\/avatar\\\/8e01f4d99f2eeea7a362ebb93305e1172a70e9293ba250f897a65c39f54cdd1e?s=96&d=mm&r=g\",\"width\":96,\"height\":96,\"caption\":\"immovestuser\"}},{\"@type\":\"WebPage\",\"@id\":\"https:\\\/\\\/www.immo-invest.ch\\\/en\\\/170-meter-turm-setzt-akzente-im-quartier-de-letoile\\\/#webpage\",\"url\":\"https:\\\/\\\/www.immo-invest.ch\\\/en\\\/170-meter-turm-setzt-akzente-im-quartier-de-letoile\\\/\",\"name\":\"170-metre tower sets the tone in the Quartier de l\\u2019\\u00c9toile - immo!nvest - Die Plattform f\\u00fcr Standorte und Immobilien\",\"description\":\"Halter and Fordinvest are developing the Tour de l'\\u00c9toile 3 high-rise building as part of the Praille-Acacias-Vernets spatial planning project in Geneva. The 170 metre high building will provide space for 300 flats, restaurants and shops, among other things.\",\"inLanguage\":\"en-US\",\"isPartOf\":{\"@id\":\"https:\\\/\\\/www.immo-invest.ch\\\/en\\\/#website\"},\"breadcrumb\":{\"@id\":\"https:\\\/\\\/www.immo-invest.ch\\\/en\\\/170-meter-turm-setzt-akzente-im-quartier-de-letoile\\\/#breadcrumblist\"},\"author\":{\"@id\":\"https:\\\/\\\/www.immo-invest.ch\\\/en\\\/author\\\/immovestuser\\\/#author\"},\"creator\":{\"@id\":\"https:\\\/\\\/www.immo-invest.ch\\\/en\\\/author\\\/immovestuser\\\/#author\"},\"image\":{\"@type\":\"ImageObject\",\"url\":\"https:\\\/\\\/www.immo-invest.ch\\\/wp-content\\\/uploads\\\/2025\\\/09\\\/PAV_Image-nocturne-\\u00a9Pierre-Alain-Dupraz-architectes-Goncalo-Byrne-arquitectos-photographie-Yves-Andre-scaled.jpg\",\"@id\":\"https:\\\/\\\/www.immo-invest.ch\\\/en\\\/170-meter-turm-setzt-akzente-im-quartier-de-letoile\\\/#mainImage\",\"caption\":\"Documentation du site du PAV, film 3, 11 novembre 2009\"},\"primaryImageOfPage\":{\"@id\":\"https:\\\/\\\/www.immo-invest.ch\\\/en\\\/170-meter-turm-setzt-akzente-im-quartier-de-letoile\\\/#mainImage\"},\"datePublished\":\"2025-09-19T12:20:00+02:00\",\"dateModified\":\"2025-10-21T17:11:19+02:00\"},{\"@type\":\"WebSite\",\"@id\":\"https:\\\/\\\/www.immo-invest.ch\\\/en\\\/#website\",\"url\":\"https:\\\/\\\/www.immo-invest.ch\\\/en\\\/\",\"name\":\"immo!nvest - Die Plattform f\\u00fcr Standorte und Immobilien\",\"description\":\"Die\\u00a0Plattform f\\u00fcr Standorte und Immobilien\",\"inLanguage\":\"en-US\",\"publisher\":{\"@id\":\"https:\\\/\\\/www.immo-invest.ch\\\/en\\\/#organization\"}}]}\n\t\t<\/script>\n\t\t<!-- All in One SEO -->\n\n","aioseo_head_json":{"title":"170-metre tower sets the tone in the Quartier de l\u2019\u00c9toile - immo!nvest - Die Plattform f\u00fcr Standorte und Immobilien","description":"Halter and Fordinvest are developing the Tour de l'\u00c9toile 3 high-rise building as part of the Praille-Acacias-Vernets spatial planning project in Geneva. The 170 metre high building will provide space for 300 flats, restaurants and shops, among other things.","canonical_url":"https:\/\/www.immo-invest.ch\/en\/170-meter-turm-setzt-akzente-im-quartier-de-letoile\/","robots":"max-image-preview:large","keywords":"","webmasterTools":{"google-site-verification":"fHJKvgWpZCR2zVBHWfkQeFXC11qieUSff0HGNYfuyLA","miscellaneous":""},"schema":{"@context":"https:\/\/schema.org","@graph":[{"@type":"BlogPosting","@id":"https:\/\/www.immo-invest.ch\/en\/170-meter-turm-setzt-akzente-im-quartier-de-letoile\/#blogposting","name":"170-metre tower sets the tone in the Quartier de l\u2019\u00c9toile - immo!nvest - Die Plattform f\u00fcr Standorte und Immobilien","headline":"170-metre tower sets the tone in the Quartier de l&#8217;\u00c9toile","author":{"@id":"https:\/\/www.immo-invest.ch\/en\/author\/immovestuser\/#author"},"publisher":{"@id":"https:\/\/www.immo-invest.ch\/en\/#organization"},"image":{"@type":"ImageObject","url":"https:\/\/www.immo-invest.ch\/wp-content\/uploads\/2025\/09\/PAV_Image-nocturne-\u00a9Pierre-Alain-Dupraz-architectes-Goncalo-Byrne-arquitectos-photographie-Yves-Andre-scaled.jpg","caption":"Documentation du site du PAV, film 3, 11 novembre 2009"},"datePublished":"2025-09-19T12:20:00+02:00","dateModified":"2025-10-21T17:11:19+02:00","inLanguage":"en-US","mainEntityOfPage":{"@id":"https:\/\/www.immo-invest.ch\/en\/170-meter-turm-setzt-akzente-im-quartier-de-letoile\/#webpage"},"isPartOf":{"@id":"https:\/\/www.immo-invest.ch\/en\/170-meter-turm-setzt-akzente-im-quartier-de-letoile\/#webpage"},"articleSection":"immoNews, New construction, Projects, Standorte, Genf, hochhaus, Immoinvest, immoNews, News, Stadtentwicklung, Optional"},{"@type":"BreadcrumbList","@id":"https:\/\/www.immo-invest.ch\/en\/170-meter-turm-setzt-akzente-im-quartier-de-letoile\/#breadcrumblist","itemListElement":[{"@type":"ListItem","@id":"https:\/\/www.immo-invest.ch\/en\/#listItem","position":1,"name":"Home","item":"https:\/\/www.immo-invest.ch\/en\/","nextItem":{"@type":"ListItem","@id":"https:\/\/www.immo-invest.ch\/en\/category\/projects-en\/#listItem","name":"Projects"}},{"@type":"ListItem","@id":"https:\/\/www.immo-invest.ch\/en\/category\/projects-en\/#listItem","position":2,"name":"Projects","item":"https:\/\/www.immo-invest.ch\/en\/category\/projects-en\/","nextItem":{"@type":"ListItem","@id":"https:\/\/www.immo-invest.ch\/en\/category\/projects-en\/new-construction\/#listItem","name":"New construction"},"previousItem":{"@type":"ListItem","@id":"https:\/\/www.immo-invest.ch\/en\/#listItem","name":"Home"}},{"@type":"ListItem","@id":"https:\/\/www.immo-invest.ch\/en\/category\/projects-en\/new-construction\/#listItem","position":3,"name":"New construction","item":"https:\/\/www.immo-invest.ch\/en\/category\/projects-en\/new-construction\/","nextItem":{"@type":"ListItem","@id":"https:\/\/www.immo-invest.ch\/en\/170-meter-turm-setzt-akzente-im-quartier-de-letoile\/#listItem","name":"170-metre tower sets the tone in the Quartier de l&#8217;\u00c9toile"},"previousItem":{"@type":"ListItem","@id":"https:\/\/www.immo-invest.ch\/en\/category\/projects-en\/#listItem","name":"Projects"}},{"@type":"ListItem","@id":"https:\/\/www.immo-invest.ch\/en\/170-meter-turm-setzt-akzente-im-quartier-de-letoile\/#listItem","position":4,"name":"170-metre tower sets the tone in the Quartier de l&#8217;\u00c9toile","previousItem":{"@type":"ListItem","@id":"https:\/\/www.immo-invest.ch\/en\/category\/projects-en\/new-construction\/#listItem","name":"New construction"}}]},{"@type":"Organization","@id":"https:\/\/www.immo-invest.ch\/en\/#organization","name":"immo!nvest - Die Plattform f\u00fcr Standorte und Immobilien","description":"Die\u00a0Plattform f\u00fcr Standorte und Immobilien","url":"https:\/\/www.immo-invest.ch\/en\/","email":"admin@immomedia.ag","telephone":"+41444420002","logo":{"@type":"ImageObject","url":"https:\/\/www.immo-invest.ch\/wp-content\/uploads\/2024\/09\/immoinvest_sm-scaled.jpg","@id":"https:\/\/www.immo-invest.ch\/en\/170-meter-turm-setzt-akzente-im-quartier-de-letoile\/#organizationLogo","width":2560,"height":1340},"image":{"@id":"https:\/\/www.immo-invest.ch\/en\/170-meter-turm-setzt-akzente-im-quartier-de-letoile\/#organizationLogo"},"sameAs":["https:\/\/www.facebook.com\/people\/Immoinvest\/100077962920504\/","https:\/\/x.com\/i\/flow\/login?redirect_after_login=immoinvest_ch","https:\/\/www.instagram.com\/immoinvest_ch\/","https:\/\/www.linkedin.com\/company\/immoinvest-swiss"]},{"@type":"Person","@id":"https:\/\/www.immo-invest.ch\/en\/author\/immovestuser\/#author","url":"https:\/\/www.immo-invest.ch\/en\/author\/immovestuser\/","name":"immovestuser","image":{"@type":"ImageObject","@id":"https:\/\/www.immo-invest.ch\/en\/170-meter-turm-setzt-akzente-im-quartier-de-letoile\/#authorImage","url":"https:\/\/secure.gravatar.com\/avatar\/8e01f4d99f2eeea7a362ebb93305e1172a70e9293ba250f897a65c39f54cdd1e?s=96&d=mm&r=g","width":96,"height":96,"caption":"immovestuser"}},{"@type":"WebPage","@id":"https:\/\/www.immo-invest.ch\/en\/170-meter-turm-setzt-akzente-im-quartier-de-letoile\/#webpage","url":"https:\/\/www.immo-invest.ch\/en\/170-meter-turm-setzt-akzente-im-quartier-de-letoile\/","name":"170-metre tower sets the tone in the Quartier de l\u2019\u00c9toile - immo!nvest - Die Plattform f\u00fcr Standorte und Immobilien","description":"Halter and Fordinvest are developing the Tour de l'\u00c9toile 3 high-rise building as part of the Praille-Acacias-Vernets spatial planning project in Geneva. The 170 metre high building will provide space for 300 flats, restaurants and shops, among other things.","inLanguage":"en-US","isPartOf":{"@id":"https:\/\/www.immo-invest.ch\/en\/#website"},"breadcrumb":{"@id":"https:\/\/www.immo-invest.ch\/en\/170-meter-turm-setzt-akzente-im-quartier-de-letoile\/#breadcrumblist"},"author":{"@id":"https:\/\/www.immo-invest.ch\/en\/author\/immovestuser\/#author"},"creator":{"@id":"https:\/\/www.immo-invest.ch\/en\/author\/immovestuser\/#author"},"image":{"@type":"ImageObject","url":"https:\/\/www.immo-invest.ch\/wp-content\/uploads\/2025\/09\/PAV_Image-nocturne-\u00a9Pierre-Alain-Dupraz-architectes-Goncalo-Byrne-arquitectos-photographie-Yves-Andre-scaled.jpg","@id":"https:\/\/www.immo-invest.ch\/en\/170-meter-turm-setzt-akzente-im-quartier-de-letoile\/#mainImage","caption":"Documentation du site du PAV, film 3, 11 novembre 2009"},"primaryImageOfPage":{"@id":"https:\/\/www.immo-invest.ch\/en\/170-meter-turm-setzt-akzente-im-quartier-de-letoile\/#mainImage"},"datePublished":"2025-09-19T12:20:00+02:00","dateModified":"2025-10-21T17:11:19+02:00"},{"@type":"WebSite","@id":"https:\/\/www.immo-invest.ch\/en\/#website","url":"https:\/\/www.immo-invest.ch\/en\/","name":"immo!nvest - Die Plattform f\u00fcr Standorte und Immobilien","description":"Die\u00a0Plattform f\u00fcr Standorte und Immobilien","inLanguage":"en-US","publisher":{"@id":"https:\/\/www.immo-invest.ch\/en\/#organization"}}]},"og:locale":"en_US","og:site_name":"immo!nvest - Die Plattform f\u00fcr Standorte und Immobilien - Die\u00a0Plattform f\u00fcr Standorte und Immobilien","og:type":"article","og:title":"170-metre tower sets the tone in the Quartier de l\u2019\u00c9toile - immo!nvest - Die Plattform f\u00fcr Standorte und Immobilien","og:description":"Halter and Fordinvest are developing the Tour de l'\u00c9toile 3 high-rise building as part of the Praille-Acacias-Vernets spatial planning project in Geneva. The 170 metre high building will provide space for 300 flats, restaurants and shops, among other things.","og:url":"https:\/\/www.immo-invest.ch\/en\/170-meter-turm-setzt-akzente-im-quartier-de-letoile\/","og:image":"https:\/\/www.immo-invest.ch\/wp-content\/uploads\/2025\/09\/PAV_Image-nocturne-\u00a9Pierre-Alain-Dupraz-architectes-Goncalo-Byrne-arquitectos-photographie-Yves-Andre-scaled.jpg","og:image:secure_url":"https:\/\/www.immo-invest.ch\/wp-content\/uploads\/2025\/09\/PAV_Image-nocturne-\u00a9Pierre-Alain-Dupraz-architectes-Goncalo-Byrne-arquitectos-photographie-Yves-Andre-scaled.jpg","article:published_time":"2025-09-19T10:20:00+00:00","article:modified_time":"2025-10-21T15:11:19+00:00","article:publisher":"https:\/\/www.facebook.com\/people\/Immoinvest\/100077962920504\/","twitter:card":"summary_large_image","twitter:site":"@i","twitter:title":"170-metre tower sets the tone in the Quartier de l\u2019\u00c9toile - immo!nvest - Die Plattform f\u00fcr Standorte und Immobilien","twitter:description":"Halter and Fordinvest are developing the Tour de l'\u00c9toile 3 high-rise building as part of the Praille-Acacias-Vernets spatial planning project in Geneva. The 170 metre high building will provide space for 300 flats, restaurants and shops, among other things.","twitter:creator":"@i","twitter:image":"https:\/\/www.immo-invest.ch\/wp-content\/uploads\/2025\/09\/PAV_Image-nocturne-\u00a9Pierre-Alain-Dupraz-architectes-Goncalo-Byrne-arquitectos-photographie-Yves-Andre-scaled.jpg"},"aioseo_meta_data":{"post_id":"139882","title":null,"description":null,"keywords":null,"keyphrases":{"focus":{"keyphrase":"","score":0,"analysis":{"keyphraseInTitle":{"score":0,"maxScore":9,"error":1}}},"additional":[]},"primary_term":null,"canonical_url":null,"og_title":null,"og_description":null,"og_object_type":"default","og_image_type":"default","og_image_url":null,"og_image_width":null,"og_image_height":null,"og_image_custom_url":null,"og_image_custom_fields":null,"og_video":"","og_custom_url":null,"og_article_section":null,"og_article_tags":null,"twitter_use_og":false,"twitter_card":"default","twitter_image_type":"default","twitter_image_url":null,"twitter_image_custom_url":null,"twitter_image_custom_fields":null,"twitter_title":null,"twitter_description":null,"schema":{"blockGraphs":[],"customGraphs":[],"default":{"data":{"Article":[],"Course":[],"Dataset":[],"FAQPage":[],"Movie":[],"Person":[],"Product":[],"ProductReview":[],"Car":[],"Recipe":[],"Service":[],"SoftwareApplication":[],"WebPage":[]},"graphName":"BlogPosting","isEnabled":true},"graphs":[]},"schema_type":"default","schema_type_options":null,"pillar_content":false,"robots_default":true,"robots_noindex":false,"robots_noarchive":false,"robots_nosnippet":false,"robots_nofollow":false,"robots_noimageindex":false,"robots_noodp":false,"robots_notranslate":false,"robots_max_snippet":"-1","robots_max_videopreview":"-1","robots_max_imagepreview":"large","priority":null,"frequency":"default","local_seo":null,"breadcrumb_settings":null,"limit_modified_date":false,"ai":{"faqs":[],"keyPoints":[],"titles":[],"descriptions":[],"socialPosts":{"email":[],"linkedin":[],"twitter":[],"facebook":[],"instagram":[]}},"created":"2025-09-18 06:45:31","updated":"2025-10-25 02:04:15","seo_analyzer_scan_date":null,"focus_keyword":null,"additional_keywords":null,"truseo_locale":null},"aioseo_breadcrumb":"<div class=\"aioseo-breadcrumbs\"><span class=\"aioseo-breadcrumb\">\n\t\t\t<a href=\"https:\/\/www.immo-invest.ch\/en\/\" title=\"Home\">Home<\/a>\n\t\t<\/span><span class=\"aioseo-breadcrumb-separator\">&raquo;<\/span><span class=\"aioseo-breadcrumb\">\n\t\t\t<a href=\"https:\/\/www.immo-invest.ch\/en\/category\/projects-en\/\" title=\"Projects\">Projects<\/a>\n\t\t<\/span><span class=\"aioseo-breadcrumb-separator\">&raquo;<\/span><span class=\"aioseo-breadcrumb\">\n\t\t\t<a href=\"https:\/\/www.immo-invest.ch\/en\/category\/projects-en\/new-construction\/\" title=\"New construction\">New construction<\/a>\n\t\t<\/span><span class=\"aioseo-breadcrumb-separator\">&raquo;<\/span><span class=\"aioseo-breadcrumb\">\n\t\t\t170-metre tower sets the tone in the Quartier de l\u2019\u00c9toile\n\t\t<\/span><\/div>","aioseo_breadcrumb_json":[{"label":"Home","link":"https:\/\/www.immo-invest.ch\/en\/"},{"label":"Projects","link":"https:\/\/www.immo-invest.ch\/en\/category\/projects-en\/"},{"label":"New construction","link":"https:\/\/www.immo-invest.ch\/en\/category\/projects-en\/new-construction\/"},{"label":"170-metre tower sets the tone in the Quartier de l&#8217;\u00c9toile","link":"https:\/\/www.immo-invest.ch\/en\/170-meter-turm-setzt-akzente-im-quartier-de-letoile\/"}],"featured_image_src":"https:\/\/www.immo-invest.ch\/wp-content\/uploads\/2025\/09\/PAV_Image-nocturne-\u00a9Pierre-Alain-Dupraz-architectes-Goncalo-Byrne-arquitectos-photographie-Yves-Andre-scaled.jpg","_links":{"self":[{"href":"https:\/\/www.immo-invest.ch\/en\/wp-json\/wp\/v2\/posts\/139882","targetHints":{"allow":["GET"]}}],"collection":[{"href":"https:\/\/www.immo-invest.ch\/en\/wp-json\/wp\/v2\/posts"}],"about":[{"href":"https:\/\/www.immo-invest.ch\/en\/wp-json\/wp\/v2\/types\/post"}],"author":[{"embeddable":true,"href":"https:\/\/www.immo-invest.ch\/en\/wp-json\/wp\/v2\/users\/2"}],"replies":[{"embeddable":true,"href":"https:\/\/www.immo-invest.ch\/en\/wp-json\/wp\/v2\/comments?post=139882"}],"version-history":[{"count":0,"href":"https:\/\/www.immo-invest.ch\/en\/wp-json\/wp\/v2\/posts\/139882\/revisions"}],"wp:featuredmedia":[{"embeddable":true,"href":"https:\/\/www.immo-invest.ch\/en\/wp-json\/wp\/v2\/media\/142093"}],"wp:attachment":[{"href":"https:\/\/www.immo-invest.ch\/en\/wp-json\/wp\/v2\/media?parent=139882"}],"wp:term":[{"taxonomy":"category","embeddable":true,"href":"https:\/\/www.immo-invest.ch\/en\/wp-json\/wp\/v2\/categories?post=139882"},{"taxonomy":"post_tag","embeddable":true,"href":"https:\/\/www.immo-invest.ch\/en\/wp-json\/wp\/v2\/tags?post=139882"}],"curies":[{"name":"wp","href":"https:\/\/api.w.org\/{rel}","templated":true}]}}