{"id":135200,"date":"2025-07-01T10:59:48","date_gmt":"2025-07-01T08:59:48","guid":{"rendered":"https:\/\/www.immo-invest.ch\/erlenpark-nafelsschafft-neuen-wohnraum\/"},"modified":"2025-07-01T11:10:09","modified_gmt":"2025-07-01T09:10:09","slug":"erlenpark-nafelsschafft-neuen-wohnraum","status":"publish","type":"post","link":"https:\/\/www.immo-invest.ch\/en\/erlenpark-nafelsschafft-neuen-wohnraum\/","title":{"rendered":"Erlenpark N\u00e4fels creates new living space"},"content":{"rendered":"<p class=\"wp-block-paragraph\">On the 16,000 m&sup2; &ldquo;Feld&rdquo; site in N&auml;fels, the municipality of Glarus Nord is realising a pioneering residential development together with FT3 Architekten AG. A total of ten apartment blocks with around 98 flats are being built in three rows of buildings. The flats are between 1&frac12; and 5&frac12; rooms in size and are aimed at people at all stages of life &ndash; from singles and families to senior citizens. The diverse range of apartments is intended to promote a social mix and revitalise the neighbourhood.<\/p>\n\n\n\n\n\n<p class=\"wp-block-paragraph\"><strong>Quiet inner courtyard as the centrepiece of the development<\/strong><br>The special geometry of the plot results in a diamond-shaped arrangement of the buildings, which enclose a green inner courtyard measuring around 6,800 m&sup2;. It acts as the centre of the car-free development and offers space for people to meet and relax &ndash; protected from the noise of the surrounding traffic routes. The staggered residential buildings also provide a rhythmic structure and create architectural quality as well as optimal sunlight for the flats.<\/p>\n\n\n\n\n\n<p class=\"wp-block-paragraph\"><strong>Car-free and central access<\/strong><br>A central feature of the project is its consistently traffic-free design. Access and all parking facilities are bundled at a central point, keeping the entire residential area free of motorised traffic. This increases safety, creates attractive, liveable open spaces and meets the current requirements for residential and urban development.<\/p>\n\n\n\n\n\n<p class=\"wp-block-paragraph\"><strong>Signal for site development and building culture<\/strong><br>Municipal president Fritz Staub sees Erlenpark as a strong signal for municipal development. Shortly after the overall revision of the NUP II land use planning came into force, the project is an example of how high-quality, space-efficient residential construction projects can be realised in the canton of Glarus. The ground-breaking ceremony took place in April 2025 and the first construction phase will be completed by summer 2027, followed by the second and third phases by autumn 2028.<\/p>\n\n\n\n\n\n<p class=\"wp-block-paragraph\"><strong>Modern construction with high standards<\/strong><br>The planning and realisation by FT3 Architekten AG follows a clear architectural approach. Towards the street, the buildings appear closed and compact, while they open up towards the inner courtyard with generous balconies. The staggering of the storeys supports the natural lighting and gives the buildings a clear structure. Erlenpark is thus a successful example of modern, high-quality construction in the Glarus region. A project with a signal effect for site development in rural centres.<\/p>\n\n","protected":false},"excerpt":{"rendered":"<p>The Erlenpark project in N\u00e4fels is a traffic-free development with 98 flats. It meets modern requirements and focuses on a high quality of life and well thought-out architecture. The project is a milestone in the implementation of the new land use planning NUP II and strengthens the Glarus Nord location in the long term.<\/p>\n","protected":false},"author":2,"featured_media":135192,"comment_status":"open","ping_status":"open","sticky":false,"template":"","format":"standard","meta":{"pmpro_default_level":"","inline_featured_image":false,"_monsterinsights_skip_tracking":false,"footnotes":""},"categories":[45950,12476,12485],"tags":[53553,12536,49031,37343,12564,12938,13918,19183],"class_list":["post-135200","post","type-post","status-publish","format-standard","has-post-thumbnail","hentry","category-glarus-en","category-immonews","category-projects-en","tag-autofrei-2-en","tag-bauwesen-en","tag-glarus-nord-en","tag-grossprojekt-en","tag-immobilien-en","tag-mehrfamilienhaeuser-en","tag-standortentwicklung-en","tag-wohnraum-en","pmpro-has-access"],"acf":{"bild_mit_ki_erstellt_worden":[],"lead":"The Erlenpark project in N\u00e4fels is a traffic-free development with 98 flats. It meets modern requirements and focuses on a high quality of life and well thought-out architecture. The project is a milestone in the implementation of the new land use planning NUP II and strengthens the Glarus Nord location in the long term.","autor":"Quelle: immo!nvest Magazin Glarus","ort":"","bildunterschrift":"","bild_im_grid":false,"gallerie":"","newsim":""},"aioseo_notices":[],"aioseo_head":"\n\t\t<!-- All in One SEO 5.0.0.1 - aioseo.com -->\n\t<meta name=\"description\" content=\"The Erlenpark project in N\u00e4fels is a traffic-free development with 98 flats. It meets modern requirements and focuses on a high quality of life and well thought-out architecture. The project is a milestone in the implementation of the new land use planning NUP II and strengthens the Glarus Nord location in the long term.\" \/>\n\t<meta name=\"robots\" content=\"max-image-preview:large\" \/>\n\t<meta name=\"author\" content=\"immovestuser\"\/>\n\t<meta name=\"google-site-verification\" content=\"fHJKvgWpZCR2zVBHWfkQeFXC11qieUSff0HGNYfuyLA\" \/>\n\t<link rel=\"canonical\" href=\"https:\/\/www.immo-invest.ch\/en\/erlenpark-nafelsschafft-neuen-wohnraum\/\" \/>\n\t<meta name=\"generator\" content=\"All in One SEO (AIOSEO) 5.0.0.1\" \/>\n\t\t<meta property=\"og:locale\" content=\"en_US\" \/>\n\t\t<meta property=\"og:site_name\" content=\"immo!nvest - Die Plattform f\u00fcr Standorte und Immobilien - Die\u00a0Plattform f\u00fcr Standorte und Immobilien\" \/>\n\t\t<meta property=\"og:type\" content=\"article\" \/>\n\t\t<meta property=\"og:title\" content=\"Erlenpark N\u00e4fels creates new living space - immo!nvest - Die Plattform f\u00fcr Standorte und Immobilien\" \/>\n\t\t<meta property=\"og:description\" content=\"The Erlenpark project in N\u00e4fels is a traffic-free development with 98 flats. It meets modern requirements and focuses on a high quality of life and well thought-out architecture. The project is a milestone in the implementation of the new land use planning NUP II and strengthens the Glarus Nord location in the long term.\" \/>\n\t\t<meta property=\"og:url\" content=\"https:\/\/www.immo-invest.ch\/en\/erlenpark-nafelsschafft-neuen-wohnraum\/\" \/>\n\t\t<meta property=\"og:image\" content=\"https:\/\/www.immo-invest.ch\/wp-content\/uploads\/2025\/07\/ERLENPARK-NAFELS-983791_upscaled.jpg\" \/>\n\t\t<meta property=\"og:image:secure_url\" content=\"https:\/\/www.immo-invest.ch\/wp-content\/uploads\/2025\/07\/ERLENPARK-NAFELS-983791_upscaled.jpg\" \/>\n\t\t<meta property=\"og:image:width\" content=\"1400\" \/>\n\t\t<meta property=\"og:image:height\" content=\"988\" \/>\n\t\t<meta property=\"article:published_time\" content=\"2025-07-01T08:59:48+00:00\" \/>\n\t\t<meta property=\"article:modified_time\" content=\"2025-07-01T09:10:09+00:00\" \/>\n\t\t<meta property=\"article:publisher\" content=\"https:\/\/www.facebook.com\/people\/Immoinvest\/100077962920504\/\" \/>\n\t\t<meta name=\"twitter:card\" content=\"summary_large_image\" \/>\n\t\t<meta name=\"twitter:site\" content=\"@i\" \/>\n\t\t<meta name=\"twitter:title\" content=\"Erlenpark N\u00e4fels creates new living space - immo!nvest - Die Plattform f\u00fcr Standorte und Immobilien\" \/>\n\t\t<meta name=\"twitter:description\" content=\"The Erlenpark project in N\u00e4fels is a traffic-free development with 98 flats. It meets modern requirements and focuses on a high quality of life and well thought-out architecture. The project is a milestone in the implementation of the new land use planning NUP II and strengthens the Glarus Nord location in the long term.\" \/>\n\t\t<meta name=\"twitter:creator\" content=\"@i\" \/>\n\t\t<meta name=\"twitter:image\" content=\"https:\/\/www.immo-invest.ch\/wp-content\/uploads\/2025\/07\/ERLENPARK-NAFELS-983791_upscaled.jpg\" \/>\n\t\t<script type=\"application\/ld+json\" class=\"aioseo-schema\">\n\t\t\t{\"@context\":\"https:\\\/\\\/schema.org\",\"@graph\":[{\"@type\":\"BlogPosting\",\"@id\":\"https:\\\/\\\/www.immo-invest.ch\\\/en\\\/erlenpark-nafelsschafft-neuen-wohnraum\\\/#blogposting\",\"name\":\"Erlenpark N\\u00e4fels creates new living space - immo!nvest - Die Plattform f\\u00fcr Standorte und Immobilien\",\"headline\":\"Erlenpark N\\u00e4fels creates new living space\",\"author\":{\"@id\":\"https:\\\/\\\/www.immo-invest.ch\\\/en\\\/author\\\/immovestuser\\\/#author\"},\"publisher\":{\"@id\":\"https:\\\/\\\/www.immo-invest.ch\\\/en\\\/#organization\"},\"image\":{\"@type\":\"ImageObject\",\"url\":\"https:\\\/\\\/www.immo-invest.ch\\\/wp-content\\\/uploads\\\/2025\\\/07\\\/ERLENPARK-NAFELS-983791_upscaled.jpg\",\"width\":1400,\"height\":988},\"datePublished\":\"2025-07-01T10:59:48+02:00\",\"dateModified\":\"2025-07-01T11:10:09+02:00\",\"inLanguage\":\"en-US\",\"mainEntityOfPage\":{\"@id\":\"https:\\\/\\\/www.immo-invest.ch\\\/en\\\/erlenpark-nafelsschafft-neuen-wohnraum\\\/#webpage\"},\"isPartOf\":{\"@id\":\"https:\\\/\\\/www.immo-invest.ch\\\/en\\\/erlenpark-nafelsschafft-neuen-wohnraum\\\/#webpage\"},\"articleSection\":\"Glarus, immoNews, Projects, Autofrei, Bauwesen, Glarus Nord, Grossprojekt, immobilien, Mehrfamilienh\\u00e4user, Standortentwicklung, Wohnraum, Optional\"},{\"@type\":\"BreadcrumbList\",\"@id\":\"https:\\\/\\\/www.immo-invest.ch\\\/en\\\/erlenpark-nafelsschafft-neuen-wohnraum\\\/#breadcrumblist\",\"itemListElement\":[{\"@type\":\"ListItem\",\"@id\":\"https:\\\/\\\/www.immo-invest.ch\\\/en\\\/#listItem\",\"position\":1,\"name\":\"Home\",\"item\":\"https:\\\/\\\/www.immo-invest.ch\\\/en\\\/\",\"nextItem\":{\"@type\":\"ListItem\",\"@id\":\"https:\\\/\\\/www.immo-invest.ch\\\/en\\\/category\\\/regions-en\\\/#listItem\",\"name\":\"Regions\"}},{\"@type\":\"ListItem\",\"@id\":\"https:\\\/\\\/www.immo-invest.ch\\\/en\\\/category\\\/regions-en\\\/#listItem\",\"position\":2,\"name\":\"Regions\",\"item\":\"https:\\\/\\\/www.immo-invest.ch\\\/en\\\/category\\\/regions-en\\\/\",\"nextItem\":{\"@type\":\"ListItem\",\"@id\":\"https:\\\/\\\/www.immo-invest.ch\\\/en\\\/category\\\/regions-en\\\/switzerland\\\/#listItem\",\"name\":\"Switzerland\"},\"previousItem\":{\"@type\":\"ListItem\",\"@id\":\"https:\\\/\\\/www.immo-invest.ch\\\/en\\\/#listItem\",\"name\":\"Home\"}},{\"@type\":\"ListItem\",\"@id\":\"https:\\\/\\\/www.immo-invest.ch\\\/en\\\/category\\\/regions-en\\\/switzerland\\\/#listItem\",\"position\":3,\"name\":\"Switzerland\",\"item\":\"https:\\\/\\\/www.immo-invest.ch\\\/en\\\/category\\\/regions-en\\\/switzerland\\\/\",\"nextItem\":{\"@type\":\"ListItem\",\"@id\":\"https:\\\/\\\/www.immo-invest.ch\\\/en\\\/category\\\/regions-en\\\/switzerland\\\/eastern-switzerland\\\/#listItem\",\"name\":\"Eastern Switzerland\"},\"previousItem\":{\"@type\":\"ListItem\",\"@id\":\"https:\\\/\\\/www.immo-invest.ch\\\/en\\\/category\\\/regions-en\\\/#listItem\",\"name\":\"Regions\"}},{\"@type\":\"ListItem\",\"@id\":\"https:\\\/\\\/www.immo-invest.ch\\\/en\\\/category\\\/regions-en\\\/switzerland\\\/eastern-switzerland\\\/#listItem\",\"position\":4,\"name\":\"Eastern Switzerland\",\"item\":\"https:\\\/\\\/www.immo-invest.ch\\\/en\\\/category\\\/regions-en\\\/switzerland\\\/eastern-switzerland\\\/\",\"nextItem\":{\"@type\":\"ListItem\",\"@id\":\"https:\\\/\\\/www.immo-invest.ch\\\/en\\\/category\\\/regions-en\\\/switzerland\\\/eastern-switzerland\\\/glarus-en\\\/#listItem\",\"name\":\"Glarus\"},\"previousItem\":{\"@type\":\"ListItem\",\"@id\":\"https:\\\/\\\/www.immo-invest.ch\\\/en\\\/category\\\/regions-en\\\/switzerland\\\/#listItem\",\"name\":\"Switzerland\"}},{\"@type\":\"ListItem\",\"@id\":\"https:\\\/\\\/www.immo-invest.ch\\\/en\\\/category\\\/regions-en\\\/switzerland\\\/eastern-switzerland\\\/glarus-en\\\/#listItem\",\"position\":5,\"name\":\"Glarus\",\"item\":\"https:\\\/\\\/www.immo-invest.ch\\\/en\\\/category\\\/regions-en\\\/switzerland\\\/eastern-switzerland\\\/glarus-en\\\/\",\"nextItem\":{\"@type\":\"ListItem\",\"@id\":\"https:\\\/\\\/www.immo-invest.ch\\\/en\\\/erlenpark-nafelsschafft-neuen-wohnraum\\\/#listItem\",\"name\":\"Erlenpark N\\u00e4fels creates new living space\"},\"previousItem\":{\"@type\":\"ListItem\",\"@id\":\"https:\\\/\\\/www.immo-invest.ch\\\/en\\\/category\\\/regions-en\\\/switzerland\\\/eastern-switzerland\\\/#listItem\",\"name\":\"Eastern Switzerland\"}},{\"@type\":\"ListItem\",\"@id\":\"https:\\\/\\\/www.immo-invest.ch\\\/en\\\/erlenpark-nafelsschafft-neuen-wohnraum\\\/#listItem\",\"position\":6,\"name\":\"Erlenpark N\\u00e4fels creates new living space\",\"previousItem\":{\"@type\":\"ListItem\",\"@id\":\"https:\\\/\\\/www.immo-invest.ch\\\/en\\\/category\\\/regions-en\\\/switzerland\\\/eastern-switzerland\\\/glarus-en\\\/#listItem\",\"name\":\"Glarus\"}}]},{\"@type\":\"Organization\",\"@id\":\"https:\\\/\\\/www.immo-invest.ch\\\/en\\\/#organization\",\"name\":\"immo!nvest - Die Plattform f\\u00fcr Standorte und Immobilien\",\"description\":\"Die\\u00a0Plattform f\\u00fcr Standorte und Immobilien\",\"url\":\"https:\\\/\\\/www.immo-invest.ch\\\/en\\\/\",\"email\":\"admin@immomedia.ag\",\"telephone\":\"+41444420002\",\"logo\":{\"@type\":\"ImageObject\",\"url\":\"https:\\\/\\\/www.immo-invest.ch\\\/wp-content\\\/uploads\\\/2024\\\/09\\\/immoinvest_sm-scaled.jpg\",\"@id\":\"https:\\\/\\\/www.immo-invest.ch\\\/en\\\/erlenpark-nafelsschafft-neuen-wohnraum\\\/#organizationLogo\",\"width\":2560,\"height\":1340},\"image\":{\"@id\":\"https:\\\/\\\/www.immo-invest.ch\\\/en\\\/erlenpark-nafelsschafft-neuen-wohnraum\\\/#organizationLogo\"},\"sameAs\":[\"https:\\\/\\\/www.facebook.com\\\/people\\\/Immoinvest\\\/100077962920504\\\/\",\"https:\\\/\\\/x.com\\\/i\\\/flow\\\/login?redirect_after_login=immoinvest_ch\",\"https:\\\/\\\/www.instagram.com\\\/immoinvest_ch\\\/\",\"https:\\\/\\\/www.linkedin.com\\\/company\\\/immoinvest-swiss\"]},{\"@type\":\"Person\",\"@id\":\"https:\\\/\\\/www.immo-invest.ch\\\/en\\\/author\\\/immovestuser\\\/#author\",\"url\":\"https:\\\/\\\/www.immo-invest.ch\\\/en\\\/author\\\/immovestuser\\\/\",\"name\":\"immovestuser\",\"image\":{\"@type\":\"ImageObject\",\"@id\":\"https:\\\/\\\/www.immo-invest.ch\\\/en\\\/erlenpark-nafelsschafft-neuen-wohnraum\\\/#authorImage\",\"url\":\"https:\\\/\\\/secure.gravatar.com\\\/avatar\\\/8e01f4d99f2eeea7a362ebb93305e1172a70e9293ba250f897a65c39f54cdd1e?s=96&d=mm&r=g\",\"width\":96,\"height\":96,\"caption\":\"immovestuser\"}},{\"@type\":\"WebPage\",\"@id\":\"https:\\\/\\\/www.immo-invest.ch\\\/en\\\/erlenpark-nafelsschafft-neuen-wohnraum\\\/#webpage\",\"url\":\"https:\\\/\\\/www.immo-invest.ch\\\/en\\\/erlenpark-nafelsschafft-neuen-wohnraum\\\/\",\"name\":\"Erlenpark N\\u00e4fels creates new living space - immo!nvest - Die Plattform f\\u00fcr Standorte und Immobilien\",\"description\":\"The Erlenpark project in N\\u00e4fels is a traffic-free development with 98 flats. It meets modern requirements and focuses on a high quality of life and well thought-out architecture. The project is a milestone in the implementation of the new land use planning NUP II and strengthens the Glarus Nord location in the long term.\",\"inLanguage\":\"en-US\",\"isPartOf\":{\"@id\":\"https:\\\/\\\/www.immo-invest.ch\\\/en\\\/#website\"},\"breadcrumb\":{\"@id\":\"https:\\\/\\\/www.immo-invest.ch\\\/en\\\/erlenpark-nafelsschafft-neuen-wohnraum\\\/#breadcrumblist\"},\"author\":{\"@id\":\"https:\\\/\\\/www.immo-invest.ch\\\/en\\\/author\\\/immovestuser\\\/#author\"},\"creator\":{\"@id\":\"https:\\\/\\\/www.immo-invest.ch\\\/en\\\/author\\\/immovestuser\\\/#author\"},\"image\":{\"@type\":\"ImageObject\",\"url\":\"https:\\\/\\\/www.immo-invest.ch\\\/wp-content\\\/uploads\\\/2025\\\/07\\\/ERLENPARK-NAFELS-983791_upscaled.jpg\",\"@id\":\"https:\\\/\\\/www.immo-invest.ch\\\/en\\\/erlenpark-nafelsschafft-neuen-wohnraum\\\/#mainImage\",\"width\":1400,\"height\":988},\"primaryImageOfPage\":{\"@id\":\"https:\\\/\\\/www.immo-invest.ch\\\/en\\\/erlenpark-nafelsschafft-neuen-wohnraum\\\/#mainImage\"},\"datePublished\":\"2025-07-01T10:59:48+02:00\",\"dateModified\":\"2025-07-01T11:10:09+02:00\"},{\"@type\":\"WebSite\",\"@id\":\"https:\\\/\\\/www.immo-invest.ch\\\/en\\\/#website\",\"url\":\"https:\\\/\\\/www.immo-invest.ch\\\/en\\\/\",\"name\":\"immo!nvest - Die Plattform f\\u00fcr Standorte und Immobilien\",\"description\":\"Die\\u00a0Plattform f\\u00fcr Standorte und Immobilien\",\"inLanguage\":\"en-US\",\"publisher\":{\"@id\":\"https:\\\/\\\/www.immo-invest.ch\\\/en\\\/#organization\"}}]}\n\t\t<\/script>\n\t\t<!-- All in One SEO -->\n\n","aioseo_head_json":{"title":"Erlenpark N\u00e4fels creates new living space - immo!nvest - Die Plattform f\u00fcr Standorte und Immobilien","description":"The Erlenpark project in N\u00e4fels is a traffic-free development with 98 flats. It meets modern requirements and focuses on a high quality of life and well thought-out architecture. The project is a milestone in the implementation of the new land use planning NUP II and strengthens the Glarus Nord location in the long term.","canonical_url":"https:\/\/www.immo-invest.ch\/en\/erlenpark-nafelsschafft-neuen-wohnraum\/","robots":"max-image-preview:large","keywords":"","webmasterTools":{"google-site-verification":"fHJKvgWpZCR2zVBHWfkQeFXC11qieUSff0HGNYfuyLA","miscellaneous":""},"schema":{"@context":"https:\/\/schema.org","@graph":[{"@type":"BlogPosting","@id":"https:\/\/www.immo-invest.ch\/en\/erlenpark-nafelsschafft-neuen-wohnraum\/#blogposting","name":"Erlenpark N\u00e4fels creates new living space - immo!nvest - Die Plattform f\u00fcr Standorte und Immobilien","headline":"Erlenpark N\u00e4fels creates new living space","author":{"@id":"https:\/\/www.immo-invest.ch\/en\/author\/immovestuser\/#author"},"publisher":{"@id":"https:\/\/www.immo-invest.ch\/en\/#organization"},"image":{"@type":"ImageObject","url":"https:\/\/www.immo-invest.ch\/wp-content\/uploads\/2025\/07\/ERLENPARK-NAFELS-983791_upscaled.jpg","width":1400,"height":988},"datePublished":"2025-07-01T10:59:48+02:00","dateModified":"2025-07-01T11:10:09+02:00","inLanguage":"en-US","mainEntityOfPage":{"@id":"https:\/\/www.immo-invest.ch\/en\/erlenpark-nafelsschafft-neuen-wohnraum\/#webpage"},"isPartOf":{"@id":"https:\/\/www.immo-invest.ch\/en\/erlenpark-nafelsschafft-neuen-wohnraum\/#webpage"},"articleSection":"Glarus, immoNews, Projects, Autofrei, Bauwesen, Glarus Nord, Grossprojekt, immobilien, Mehrfamilienh\u00e4user, Standortentwicklung, Wohnraum, Optional"},{"@type":"BreadcrumbList","@id":"https:\/\/www.immo-invest.ch\/en\/erlenpark-nafelsschafft-neuen-wohnraum\/#breadcrumblist","itemListElement":[{"@type":"ListItem","@id":"https:\/\/www.immo-invest.ch\/en\/#listItem","position":1,"name":"Home","item":"https:\/\/www.immo-invest.ch\/en\/","nextItem":{"@type":"ListItem","@id":"https:\/\/www.immo-invest.ch\/en\/category\/regions-en\/#listItem","name":"Regions"}},{"@type":"ListItem","@id":"https:\/\/www.immo-invest.ch\/en\/category\/regions-en\/#listItem","position":2,"name":"Regions","item":"https:\/\/www.immo-invest.ch\/en\/category\/regions-en\/","nextItem":{"@type":"ListItem","@id":"https:\/\/www.immo-invest.ch\/en\/category\/regions-en\/switzerland\/#listItem","name":"Switzerland"},"previousItem":{"@type":"ListItem","@id":"https:\/\/www.immo-invest.ch\/en\/#listItem","name":"Home"}},{"@type":"ListItem","@id":"https:\/\/www.immo-invest.ch\/en\/category\/regions-en\/switzerland\/#listItem","position":3,"name":"Switzerland","item":"https:\/\/www.immo-invest.ch\/en\/category\/regions-en\/switzerland\/","nextItem":{"@type":"ListItem","@id":"https:\/\/www.immo-invest.ch\/en\/category\/regions-en\/switzerland\/eastern-switzerland\/#listItem","name":"Eastern Switzerland"},"previousItem":{"@type":"ListItem","@id":"https:\/\/www.immo-invest.ch\/en\/category\/regions-en\/#listItem","name":"Regions"}},{"@type":"ListItem","@id":"https:\/\/www.immo-invest.ch\/en\/category\/regions-en\/switzerland\/eastern-switzerland\/#listItem","position":4,"name":"Eastern Switzerland","item":"https:\/\/www.immo-invest.ch\/en\/category\/regions-en\/switzerland\/eastern-switzerland\/","nextItem":{"@type":"ListItem","@id":"https:\/\/www.immo-invest.ch\/en\/category\/regions-en\/switzerland\/eastern-switzerland\/glarus-en\/#listItem","name":"Glarus"},"previousItem":{"@type":"ListItem","@id":"https:\/\/www.immo-invest.ch\/en\/category\/regions-en\/switzerland\/#listItem","name":"Switzerland"}},{"@type":"ListItem","@id":"https:\/\/www.immo-invest.ch\/en\/category\/regions-en\/switzerland\/eastern-switzerland\/glarus-en\/#listItem","position":5,"name":"Glarus","item":"https:\/\/www.immo-invest.ch\/en\/category\/regions-en\/switzerland\/eastern-switzerland\/glarus-en\/","nextItem":{"@type":"ListItem","@id":"https:\/\/www.immo-invest.ch\/en\/erlenpark-nafelsschafft-neuen-wohnraum\/#listItem","name":"Erlenpark N\u00e4fels creates new living space"},"previousItem":{"@type":"ListItem","@id":"https:\/\/www.immo-invest.ch\/en\/category\/regions-en\/switzerland\/eastern-switzerland\/#listItem","name":"Eastern Switzerland"}},{"@type":"ListItem","@id":"https:\/\/www.immo-invest.ch\/en\/erlenpark-nafelsschafft-neuen-wohnraum\/#listItem","position":6,"name":"Erlenpark N\u00e4fels creates new living space","previousItem":{"@type":"ListItem","@id":"https:\/\/www.immo-invest.ch\/en\/category\/regions-en\/switzerland\/eastern-switzerland\/glarus-en\/#listItem","name":"Glarus"}}]},{"@type":"Organization","@id":"https:\/\/www.immo-invest.ch\/en\/#organization","name":"immo!nvest - Die Plattform f\u00fcr Standorte und Immobilien","description":"Die\u00a0Plattform f\u00fcr Standorte und Immobilien","url":"https:\/\/www.immo-invest.ch\/en\/","email":"admin@immomedia.ag","telephone":"+41444420002","logo":{"@type":"ImageObject","url":"https:\/\/www.immo-invest.ch\/wp-content\/uploads\/2024\/09\/immoinvest_sm-scaled.jpg","@id":"https:\/\/www.immo-invest.ch\/en\/erlenpark-nafelsschafft-neuen-wohnraum\/#organizationLogo","width":2560,"height":1340},"image":{"@id":"https:\/\/www.immo-invest.ch\/en\/erlenpark-nafelsschafft-neuen-wohnraum\/#organizationLogo"},"sameAs":["https:\/\/www.facebook.com\/people\/Immoinvest\/100077962920504\/","https:\/\/x.com\/i\/flow\/login?redirect_after_login=immoinvest_ch","https:\/\/www.instagram.com\/immoinvest_ch\/","https:\/\/www.linkedin.com\/company\/immoinvest-swiss"]},{"@type":"Person","@id":"https:\/\/www.immo-invest.ch\/en\/author\/immovestuser\/#author","url":"https:\/\/www.immo-invest.ch\/en\/author\/immovestuser\/","name":"immovestuser","image":{"@type":"ImageObject","@id":"https:\/\/www.immo-invest.ch\/en\/erlenpark-nafelsschafft-neuen-wohnraum\/#authorImage","url":"https:\/\/secure.gravatar.com\/avatar\/8e01f4d99f2eeea7a362ebb93305e1172a70e9293ba250f897a65c39f54cdd1e?s=96&d=mm&r=g","width":96,"height":96,"caption":"immovestuser"}},{"@type":"WebPage","@id":"https:\/\/www.immo-invest.ch\/en\/erlenpark-nafelsschafft-neuen-wohnraum\/#webpage","url":"https:\/\/www.immo-invest.ch\/en\/erlenpark-nafelsschafft-neuen-wohnraum\/","name":"Erlenpark N\u00e4fels creates new living space - immo!nvest - Die Plattform f\u00fcr Standorte und Immobilien","description":"The Erlenpark project in N\u00e4fels is a traffic-free development with 98 flats. It meets modern requirements and focuses on a high quality of life and well thought-out architecture. The project is a milestone in the implementation of the new land use planning NUP II and strengthens the Glarus Nord location in the long term.","inLanguage":"en-US","isPartOf":{"@id":"https:\/\/www.immo-invest.ch\/en\/#website"},"breadcrumb":{"@id":"https:\/\/www.immo-invest.ch\/en\/erlenpark-nafelsschafft-neuen-wohnraum\/#breadcrumblist"},"author":{"@id":"https:\/\/www.immo-invest.ch\/en\/author\/immovestuser\/#author"},"creator":{"@id":"https:\/\/www.immo-invest.ch\/en\/author\/immovestuser\/#author"},"image":{"@type":"ImageObject","url":"https:\/\/www.immo-invest.ch\/wp-content\/uploads\/2025\/07\/ERLENPARK-NAFELS-983791_upscaled.jpg","@id":"https:\/\/www.immo-invest.ch\/en\/erlenpark-nafelsschafft-neuen-wohnraum\/#mainImage","width":1400,"height":988},"primaryImageOfPage":{"@id":"https:\/\/www.immo-invest.ch\/en\/erlenpark-nafelsschafft-neuen-wohnraum\/#mainImage"},"datePublished":"2025-07-01T10:59:48+02:00","dateModified":"2025-07-01T11:10:09+02:00"},{"@type":"WebSite","@id":"https:\/\/www.immo-invest.ch\/en\/#website","url":"https:\/\/www.immo-invest.ch\/en\/","name":"immo!nvest - Die Plattform f\u00fcr Standorte und Immobilien","description":"Die\u00a0Plattform f\u00fcr Standorte und Immobilien","inLanguage":"en-US","publisher":{"@id":"https:\/\/www.immo-invest.ch\/en\/#organization"}}]},"og:locale":"en_US","og:site_name":"immo!nvest - Die Plattform f\u00fcr Standorte und Immobilien - Die\u00a0Plattform f\u00fcr Standorte und Immobilien","og:type":"article","og:title":"Erlenpark N\u00e4fels creates new living space - immo!nvest - Die Plattform f\u00fcr Standorte und Immobilien","og:description":"The Erlenpark project in N\u00e4fels is a traffic-free development with 98 flats. It meets modern requirements and focuses on a high quality of life and well thought-out architecture. The project is a milestone in the implementation of the new land use planning NUP II and strengthens the Glarus Nord location in the long term.","og:url":"https:\/\/www.immo-invest.ch\/en\/erlenpark-nafelsschafft-neuen-wohnraum\/","og:image":"https:\/\/www.immo-invest.ch\/wp-content\/uploads\/2025\/07\/ERLENPARK-NAFELS-983791_upscaled.jpg","og:image:secure_url":"https:\/\/www.immo-invest.ch\/wp-content\/uploads\/2025\/07\/ERLENPARK-NAFELS-983791_upscaled.jpg","og:image:width":1400,"og:image:height":988,"article:published_time":"2025-07-01T08:59:48+00:00","article:modified_time":"2025-07-01T09:10:09+00:00","article:publisher":"https:\/\/www.facebook.com\/people\/Immoinvest\/100077962920504\/","twitter:card":"summary_large_image","twitter:site":"@i","twitter:title":"Erlenpark N\u00e4fels creates new living space - immo!nvest - Die Plattform f\u00fcr Standorte und Immobilien","twitter:description":"The Erlenpark project in N\u00e4fels is a traffic-free development with 98 flats. It meets modern requirements and focuses on a high quality of life and well thought-out architecture. The project is a milestone in the implementation of the new land use planning NUP II and strengthens the Glarus Nord location in the long term.","twitter:creator":"@i","twitter:image":"https:\/\/www.immo-invest.ch\/wp-content\/uploads\/2025\/07\/ERLENPARK-NAFELS-983791_upscaled.jpg"},"aioseo_meta_data":{"post_id":"135200","title":null,"description":null,"keywords":null,"keyphrases":{"focus":{"keyphrase":"","score":0,"analysis":{"keyphraseInTitle":{"score":0,"maxScore":9,"error":1}}},"additional":[]},"primary_term":null,"canonical_url":null,"og_title":null,"og_description":null,"og_object_type":"default","og_image_type":"default","og_image_url":null,"og_image_width":null,"og_image_height":null,"og_image_custom_url":null,"og_image_custom_fields":null,"og_video":"","og_custom_url":null,"og_article_section":null,"og_article_tags":null,"twitter_use_og":false,"twitter_card":"default","twitter_image_type":"default","twitter_image_url":null,"twitter_image_custom_url":null,"twitter_image_custom_fields":null,"twitter_title":null,"twitter_description":null,"schema":{"blockGraphs":[],"customGraphs":[],"default":{"data":{"Article":[],"Course":[],"Dataset":[],"FAQPage":[],"Movie":[],"Person":[],"Product":[],"ProductReview":[],"Car":[],"Recipe":[],"Service":[],"SoftwareApplication":[],"WebPage":[]},"graphName":"BlogPosting","isEnabled":true},"graphs":[]},"schema_type":"default","schema_type_options":null,"pillar_content":false,"robots_default":true,"robots_noindex":false,"robots_noarchive":false,"robots_nosnippet":false,"robots_nofollow":false,"robots_noimageindex":false,"robots_noodp":false,"robots_notranslate":false,"robots_max_snippet":"-1","robots_max_videopreview":"-1","robots_max_imagepreview":"large","priority":null,"frequency":"default","local_seo":null,"breadcrumb_settings":null,"limit_modified_date":false,"ai":null,"created":"2025-07-01 09:06:31","updated":"2025-10-24 22:52:14","seo_analyzer_scan_date":null,"focus_keyword":null,"additional_keywords":null,"truseo_locale":null},"aioseo_breadcrumb":"<div class=\"aioseo-breadcrumbs\"><span class=\"aioseo-breadcrumb\">\n\t\t\t<a href=\"https:\/\/www.immo-invest.ch\/en\/\" title=\"Home\">Home<\/a>\n\t\t<\/span><span class=\"aioseo-breadcrumb-separator\">&raquo;<\/span><span class=\"aioseo-breadcrumb\">\n\t\t\t<a href=\"https:\/\/www.immo-invest.ch\/en\/category\/regions-en\/\" title=\"Regions\">Regions<\/a>\n\t\t<\/span><span class=\"aioseo-breadcrumb-separator\">&raquo;<\/span><span class=\"aioseo-breadcrumb\">\n\t\t\t<a href=\"https:\/\/www.immo-invest.ch\/en\/category\/regions-en\/switzerland\/\" title=\"Switzerland\">Switzerland<\/a>\n\t\t<\/span><span class=\"aioseo-breadcrumb-separator\">&raquo;<\/span><span class=\"aioseo-breadcrumb\">\n\t\t\t<a href=\"https:\/\/www.immo-invest.ch\/en\/category\/regions-en\/switzerland\/eastern-switzerland\/\" title=\"Eastern Switzerland\">Eastern Switzerland<\/a>\n\t\t<\/span><span class=\"aioseo-breadcrumb-separator\">&raquo;<\/span><span class=\"aioseo-breadcrumb\">\n\t\t\t<a href=\"https:\/\/www.immo-invest.ch\/en\/category\/regions-en\/switzerland\/eastern-switzerland\/glarus-en\/\" title=\"Glarus\">Glarus<\/a>\n\t\t<\/span><span class=\"aioseo-breadcrumb-separator\">&raquo;<\/span><span class=\"aioseo-breadcrumb\">\n\t\t\tErlenpark N\u00e4fels creates new living space\n\t\t<\/span><\/div>","aioseo_breadcrumb_json":[{"label":"Home","link":"https:\/\/www.immo-invest.ch\/en\/"},{"label":"Regions","link":"https:\/\/www.immo-invest.ch\/en\/category\/regions-en\/"},{"label":"Switzerland","link":"https:\/\/www.immo-invest.ch\/en\/category\/regions-en\/switzerland\/"},{"label":"Eastern Switzerland","link":"https:\/\/www.immo-invest.ch\/en\/category\/regions-en\/switzerland\/eastern-switzerland\/"},{"label":"Glarus","link":"https:\/\/www.immo-invest.ch\/en\/category\/regions-en\/switzerland\/eastern-switzerland\/glarus-en\/"},{"label":"Erlenpark N\u00e4fels creates new living space","link":"https:\/\/www.immo-invest.ch\/en\/erlenpark-nafelsschafft-neuen-wohnraum\/"}],"featured_image_src":"https:\/\/www.immo-invest.ch\/wp-content\/uploads\/2025\/07\/ERLENPARK-NAFELS-983791_upscaled-336x168.jpg","_links":{"self":[{"href":"https:\/\/www.immo-invest.ch\/en\/wp-json\/wp\/v2\/posts\/135200","targetHints":{"allow":["GET"]}}],"collection":[{"href":"https:\/\/www.immo-invest.ch\/en\/wp-json\/wp\/v2\/posts"}],"about":[{"href":"https:\/\/www.immo-invest.ch\/en\/wp-json\/wp\/v2\/types\/post"}],"author":[{"embeddable":true,"href":"https:\/\/www.immo-invest.ch\/en\/wp-json\/wp\/v2\/users\/2"}],"replies":[{"embeddable":true,"href":"https:\/\/www.immo-invest.ch\/en\/wp-json\/wp\/v2\/comments?post=135200"}],"version-history":[{"count":0,"href":"https:\/\/www.immo-invest.ch\/en\/wp-json\/wp\/v2\/posts\/135200\/revisions"}],"wp:featuredmedia":[{"embeddable":true,"href":"https:\/\/www.immo-invest.ch\/en\/wp-json\/wp\/v2\/media\/135192"}],"wp:attachment":[{"href":"https:\/\/www.immo-invest.ch\/en\/wp-json\/wp\/v2\/media?parent=135200"}],"wp:term":[{"taxonomy":"category","embeddable":true,"href":"https:\/\/www.immo-invest.ch\/en\/wp-json\/wp\/v2\/categories?post=135200"},{"taxonomy":"post_tag","embeddable":true,"href":"https:\/\/www.immo-invest.ch\/en\/wp-json\/wp\/v2\/tags?post=135200"}],"curies":[{"name":"wp","href":"https:\/\/api.w.org\/{rel}","templated":true}]}}