{"id":122424,"date":"2024-12-30T10:00:00","date_gmt":"2024-12-30T09:00:00","guid":{"rendered":"https:\/\/www.immo-invest.ch\/?p=122424"},"modified":"2024-12-19T15:26:11","modified_gmt":"2024-12-19T14:26:11","slug":"neuer-ceo-uebernimmt-fuehrung-des-bauzulieferers-ab-januar-2025","status":"publish","type":"post","link":"https:\/\/www.immo-invest.ch\/en\/neuer-ceo-uebernimmt-fuehrung-des-bauzulieferers-ab-januar-2025\/","title":{"rendered":"New CEO to take over management of the construction supplier from January 2025"},"content":{"rendered":"<p class=\"bodytext wp-block-paragraph\">From 1 January, the <a href=\"https:\/\/www.arbonia.com\" target=\"_blank\" rel=\"noopener\">Arbonia Group<\/a> will once again be led by a CEO who is not also a member of the Board of Directors. As <a href=\"https:\/\/mailing-ircockpit.eqs.com\/crm-mailing\/5c439781-ea7c-11e8-902f-2c44fd856d8c\/2c8a3608-c428-46ce-8d4e-489228080ff7\/d38732b0-ca07-400e-aa52-6a2650cdb28c\/Arbonia_Claudius%20Moor%20wird%20neuer%20CEO%20der%20Arbonia_Medienmitteilung_20.11.2024.pdf?inline_display=1\" target=\"_blank\" rel=\"noopener\">announced by<\/a> the company, the Board of Directors has appointed Claudius Moor as CEO. Born in Switzerland in 1983, he has worked for Arbonia since 2015 and has been CEO of the Doors Division since 2020. Previously, he was Head of Group Strategy and Corporate Development at the Arbon-based building supplier.<\/p>\n\n\n\n\n\n<p class=\"bodytext wp-block-paragraph\"><a href=\"https:\/\/www.arbonia.com\/de\/verwaltungsrat-und-konzernleitung\/alexander-von-witzleben\" target=\"_blank\" rel=\"noopener\">Alexander von Witzleben<\/a> will remain Chairman of the Board of Directors &ldquo;until further notice&rdquo;. Born in Germany in 1963, he has chaired the Board of Directors since 2015, was also Delegate of the Board of Directors and CEO ad interim until 2022 and has been Executive Chairman of the Board of Directors since then.<\/p>\n\n\n\n\n\n<p class=\"bodytext wp-block-paragraph\">&ldquo;We are very pleased to welcome Claudius Moor in his new role as CEO of Arbonia&rdquo;, Alexander von Witzleben is quoted as saying in the press release. &ldquo;With his extensive knowledge of the industry, his commitment and his great passion for the door business, he has everything it takes to lead Arbonia into a positive future.&rdquo;<\/p>\n\n","protected":false},"excerpt":{"rendered":"<p>Claudius Moor will become CEO of the Arbonia Group on 1 January. He will take the place of Alexander von Witzleben, who will focus on his role as Chairman of the Board of Directors. Moor has been CEO of the Doors Division at Arbonia since 2020.<\/p>\n","protected":false},"author":2,"featured_media":122419,"comment_status":"open","ping_status":"open","sticky":false,"template":"","format":"standard","meta":{"pmpro_default_level":"","inline_featured_image":false,"_monsterinsights_skip_tracking":false,"footnotes":""},"categories":[12481,22697,22358,12476,12484,22305,22341],"tags":[15729,51265,19282,14181,12525,12526,12528,12586,14939],"class_list":["post-122424","post","type-post","status-publish","format-standard","has-post-thumbnail","hentry","category-business-en","category-company","category-construction","category-immonews","category-people","category-switzerland","category-thurgau-en","tag-bauwirtschaft-en","tag-bauzulieferer-en","tag-fuehrungswechsel-en","tag-geschaeftsleitung-en","tag-immoinvest-en","tag-immonews-en","tag-news-en","tag-schweiz-en","tag-unternehmensfuehrung-en","pmpro-has-access"],"acf":{"bild_mit_ki_erstellt_worden":[],"lead":"Claudius Moor will become CEO of the Arbonia Group on 1 January. He will take the place of Alexander von Witzleben, who will focus on his role as Chairman of the Board of Directors. Moor has been CEO of the Doors Division at Arbonia since 2020.","autor":"ce\/stk","ort":"Arbon TG","bildunterschrift":"","bild_im_grid":false,"gallerie":"","newsim":""},"aioseo_notices":[],"aioseo_head":"\n\t\t<!-- All in One SEO 5.0.0.1 - aioseo.com -->\n\t<meta name=\"description\" content=\"Claudius Moor will become CEO of the Arbonia Group on 1 January. He will take the place of Alexander von Witzleben, who will focus on his role as Chairman of the Board of Directors. Moor has been CEO of the Doors Division at Arbonia since 2020.\" \/>\n\t<meta name=\"robots\" content=\"max-image-preview:large\" \/>\n\t<meta name=\"author\" content=\"immovestuser\"\/>\n\t<meta name=\"google-site-verification\" content=\"fHJKvgWpZCR2zVBHWfkQeFXC11qieUSff0HGNYfuyLA\" \/>\n\t<link rel=\"canonical\" href=\"https:\/\/www.immo-invest.ch\/en\/neuer-ceo-uebernimmt-fuehrung-des-bauzulieferers-ab-januar-2025\/\" \/>\n\t<meta name=\"generator\" content=\"All in One SEO (AIOSEO) 5.0.0.1\" \/>\n\t\t<meta property=\"og:locale\" content=\"en_US\" \/>\n\t\t<meta property=\"og:site_name\" content=\"immo!nvest - Die Plattform f\u00fcr Standorte und Immobilien - Die\u00a0Plattform f\u00fcr Standorte und Immobilien\" \/>\n\t\t<meta property=\"og:type\" content=\"article\" \/>\n\t\t<meta property=\"og:title\" content=\"New CEO to take over management of the construction supplier from January 2025 - immo!nvest - Die Plattform f\u00fcr Standorte und Immobilien\" \/>\n\t\t<meta property=\"og:description\" content=\"Claudius Moor will become CEO of the Arbonia Group on 1 January. He will take the place of Alexander von Witzleben, who will focus on his role as Chairman of the Board of Directors. Moor has been CEO of the Doors Division at Arbonia since 2020.\" \/>\n\t\t<meta property=\"og:url\" content=\"https:\/\/www.immo-invest.ch\/en\/neuer-ceo-uebernimmt-fuehrung-des-bauzulieferers-ab-januar-2025\/\" \/>\n\t\t<meta property=\"og:image\" content=\"https:\/\/www.immo-invest.ch\/wp-content\/uploads\/2024\/12\/immo-invest_unternehmen_personen_bauwirtschaft_finanzen_fuehrungswechsel_bauzulieferer.png\" \/>\n\t\t<meta property=\"og:image:secure_url\" content=\"https:\/\/www.immo-invest.ch\/wp-content\/uploads\/2024\/12\/immo-invest_unternehmen_personen_bauwirtschaft_finanzen_fuehrungswechsel_bauzulieferer.png\" \/>\n\t\t<meta property=\"og:image:width\" content=\"1536\" \/>\n\t\t<meta property=\"og:image:height\" content=\"768\" \/>\n\t\t<meta property=\"article:published_time\" content=\"2024-12-30T09:00:00+00:00\" \/>\n\t\t<meta property=\"article:modified_time\" content=\"2024-12-19T14:26:11+00:00\" \/>\n\t\t<meta property=\"article:publisher\" content=\"https:\/\/www.facebook.com\/people\/Immoinvest\/100077962920504\/\" \/>\n\t\t<meta name=\"twitter:card\" content=\"summary_large_image\" \/>\n\t\t<meta name=\"twitter:site\" content=\"@i\" \/>\n\t\t<meta name=\"twitter:title\" content=\"New CEO to take over management of the construction supplier from January 2025 - immo!nvest - Die Plattform f\u00fcr Standorte und Immobilien\" \/>\n\t\t<meta name=\"twitter:description\" content=\"Claudius Moor will become CEO of the Arbonia Group on 1 January. He will take the place of Alexander von Witzleben, who will focus on his role as Chairman of the Board of Directors. Moor has been CEO of the Doors Division at Arbonia since 2020.\" \/>\n\t\t<meta name=\"twitter:creator\" content=\"@i\" \/>\n\t\t<meta name=\"twitter:image\" content=\"https:\/\/www.immo-invest.ch\/wp-content\/uploads\/2024\/12\/immo-invest_unternehmen_personen_bauwirtschaft_finanzen_fuehrungswechsel_bauzulieferer.png\" \/>\n\t\t<script type=\"application\/ld+json\" class=\"aioseo-schema\">\n\t\t\t{\"@context\":\"https:\\\/\\\/schema.org\",\"@graph\":[{\"@type\":\"BlogPosting\",\"@id\":\"https:\\\/\\\/www.immo-invest.ch\\\/en\\\/neuer-ceo-uebernimmt-fuehrung-des-bauzulieferers-ab-januar-2025\\\/#blogposting\",\"name\":\"New CEO to take over management of the construction supplier from January 2025 - immo!nvest - Die Plattform f\\u00fcr Standorte und Immobilien\",\"headline\":\"New CEO to take over management of the construction supplier from January 2025\",\"author\":{\"@id\":\"https:\\\/\\\/www.immo-invest.ch\\\/en\\\/author\\\/immovestuser\\\/#author\"},\"publisher\":{\"@id\":\"https:\\\/\\\/www.immo-invest.ch\\\/en\\\/#organization\"},\"image\":{\"@type\":\"ImageObject\",\"url\":\"https:\\\/\\\/www.immo-invest.ch\\\/wp-content\\\/uploads\\\/2024\\\/12\\\/immo-invest_unternehmen_personen_bauwirtschaft_finanzen_fuehrungswechsel_bauzulieferer.png\",\"width\":1536,\"height\":768},\"datePublished\":\"2024-12-30T10:00:00+01:00\",\"dateModified\":\"2024-12-19T15:26:11+01:00\",\"inLanguage\":\"en-US\",\"mainEntityOfPage\":{\"@id\":\"https:\\\/\\\/www.immo-invest.ch\\\/en\\\/neuer-ceo-uebernimmt-fuehrung-des-bauzulieferers-ab-januar-2025\\\/#webpage\"},\"isPartOf\":{\"@id\":\"https:\\\/\\\/www.immo-invest.ch\\\/en\\\/neuer-ceo-uebernimmt-fuehrung-des-bauzulieferers-ab-januar-2025\\\/#webpage\"},\"articleSection\":\"Business, Company, Construction, immoNews, People, Switzerland, Thurgau, Bauwirtschaft, Bauzulieferer, F\\u00fchrungswechsel, Gesch\\u00e4ftsleitung, Immoinvest, immoNews, News, Schweiz, Unternehmensf\\u00fchrung, Optional\"},{\"@type\":\"BreadcrumbList\",\"@id\":\"https:\\\/\\\/www.immo-invest.ch\\\/en\\\/neuer-ceo-uebernimmt-fuehrung-des-bauzulieferers-ab-januar-2025\\\/#breadcrumblist\",\"itemListElement\":[{\"@type\":\"ListItem\",\"@id\":\"https:\\\/\\\/www.immo-invest.ch\\\/en\\\/#listItem\",\"position\":1,\"name\":\"Home\",\"item\":\"https:\\\/\\\/www.immo-invest.ch\\\/en\\\/\",\"nextItem\":{\"@type\":\"ListItem\",\"@id\":\"https:\\\/\\\/www.immo-invest.ch\\\/en\\\/category\\\/regions-en\\\/#listItem\",\"name\":\"Regions\"}},{\"@type\":\"ListItem\",\"@id\":\"https:\\\/\\\/www.immo-invest.ch\\\/en\\\/category\\\/regions-en\\\/#listItem\",\"position\":2,\"name\":\"Regions\",\"item\":\"https:\\\/\\\/www.immo-invest.ch\\\/en\\\/category\\\/regions-en\\\/\",\"nextItem\":{\"@type\":\"ListItem\",\"@id\":\"https:\\\/\\\/www.immo-invest.ch\\\/en\\\/category\\\/regions-en\\\/switzerland\\\/#listItem\",\"name\":\"Switzerland\"},\"previousItem\":{\"@type\":\"ListItem\",\"@id\":\"https:\\\/\\\/www.immo-invest.ch\\\/en\\\/#listItem\",\"name\":\"Home\"}},{\"@type\":\"ListItem\",\"@id\":\"https:\\\/\\\/www.immo-invest.ch\\\/en\\\/category\\\/regions-en\\\/switzerland\\\/#listItem\",\"position\":3,\"name\":\"Switzerland\",\"item\":\"https:\\\/\\\/www.immo-invest.ch\\\/en\\\/category\\\/regions-en\\\/switzerland\\\/\",\"nextItem\":{\"@type\":\"ListItem\",\"@id\":\"https:\\\/\\\/www.immo-invest.ch\\\/en\\\/category\\\/regions-en\\\/switzerland\\\/eastern-switzerland\\\/#listItem\",\"name\":\"Eastern Switzerland\"},\"previousItem\":{\"@type\":\"ListItem\",\"@id\":\"https:\\\/\\\/www.immo-invest.ch\\\/en\\\/category\\\/regions-en\\\/#listItem\",\"name\":\"Regions\"}},{\"@type\":\"ListItem\",\"@id\":\"https:\\\/\\\/www.immo-invest.ch\\\/en\\\/category\\\/regions-en\\\/switzerland\\\/eastern-switzerland\\\/#listItem\",\"position\":4,\"name\":\"Eastern Switzerland\",\"item\":\"https:\\\/\\\/www.immo-invest.ch\\\/en\\\/category\\\/regions-en\\\/switzerland\\\/eastern-switzerland\\\/\",\"nextItem\":{\"@type\":\"ListItem\",\"@id\":\"https:\\\/\\\/www.immo-invest.ch\\\/en\\\/category\\\/regions-en\\\/switzerland\\\/eastern-switzerland\\\/thurgau-en\\\/#listItem\",\"name\":\"Thurgau\"},\"previousItem\":{\"@type\":\"ListItem\",\"@id\":\"https:\\\/\\\/www.immo-invest.ch\\\/en\\\/category\\\/regions-en\\\/switzerland\\\/#listItem\",\"name\":\"Switzerland\"}},{\"@type\":\"ListItem\",\"@id\":\"https:\\\/\\\/www.immo-invest.ch\\\/en\\\/category\\\/regions-en\\\/switzerland\\\/eastern-switzerland\\\/thurgau-en\\\/#listItem\",\"position\":5,\"name\":\"Thurgau\",\"item\":\"https:\\\/\\\/www.immo-invest.ch\\\/en\\\/category\\\/regions-en\\\/switzerland\\\/eastern-switzerland\\\/thurgau-en\\\/\",\"nextItem\":{\"@type\":\"ListItem\",\"@id\":\"https:\\\/\\\/www.immo-invest.ch\\\/en\\\/neuer-ceo-uebernimmt-fuehrung-des-bauzulieferers-ab-januar-2025\\\/#listItem\",\"name\":\"New CEO to take over management of the construction supplier from January 2025\"},\"previousItem\":{\"@type\":\"ListItem\",\"@id\":\"https:\\\/\\\/www.immo-invest.ch\\\/en\\\/category\\\/regions-en\\\/switzerland\\\/eastern-switzerland\\\/#listItem\",\"name\":\"Eastern Switzerland\"}},{\"@type\":\"ListItem\",\"@id\":\"https:\\\/\\\/www.immo-invest.ch\\\/en\\\/neuer-ceo-uebernimmt-fuehrung-des-bauzulieferers-ab-januar-2025\\\/#listItem\",\"position\":6,\"name\":\"New CEO to take over management of the construction supplier from January 2025\",\"previousItem\":{\"@type\":\"ListItem\",\"@id\":\"https:\\\/\\\/www.immo-invest.ch\\\/en\\\/category\\\/regions-en\\\/switzerland\\\/eastern-switzerland\\\/thurgau-en\\\/#listItem\",\"name\":\"Thurgau\"}}]},{\"@type\":\"Organization\",\"@id\":\"https:\\\/\\\/www.immo-invest.ch\\\/en\\\/#organization\",\"name\":\"immo!nvest - Die Plattform f\\u00fcr Standorte und Immobilien\",\"description\":\"Die\\u00a0Plattform f\\u00fcr Standorte und Immobilien\",\"url\":\"https:\\\/\\\/www.immo-invest.ch\\\/en\\\/\",\"email\":\"admin@immomedia.ag\",\"telephone\":\"+41444420002\",\"logo\":{\"@type\":\"ImageObject\",\"url\":\"https:\\\/\\\/www.immo-invest.ch\\\/wp-content\\\/uploads\\\/2024\\\/09\\\/immoinvest_sm-scaled.jpg\",\"@id\":\"https:\\\/\\\/www.immo-invest.ch\\\/en\\\/neuer-ceo-uebernimmt-fuehrung-des-bauzulieferers-ab-januar-2025\\\/#organizationLogo\",\"width\":2560,\"height\":1340},\"image\":{\"@id\":\"https:\\\/\\\/www.immo-invest.ch\\\/en\\\/neuer-ceo-uebernimmt-fuehrung-des-bauzulieferers-ab-januar-2025\\\/#organizationLogo\"},\"sameAs\":[\"https:\\\/\\\/www.facebook.com\\\/people\\\/Immoinvest\\\/100077962920504\\\/\",\"https:\\\/\\\/x.com\\\/i\\\/flow\\\/login?redirect_after_login=immoinvest_ch\",\"https:\\\/\\\/www.instagram.com\\\/immoinvest_ch\\\/\",\"https:\\\/\\\/www.linkedin.com\\\/company\\\/immoinvest-swiss\"]},{\"@type\":\"Person\",\"@id\":\"https:\\\/\\\/www.immo-invest.ch\\\/en\\\/author\\\/immovestuser\\\/#author\",\"url\":\"https:\\\/\\\/www.immo-invest.ch\\\/en\\\/author\\\/immovestuser\\\/\",\"name\":\"immovestuser\",\"image\":{\"@type\":\"ImageObject\",\"@id\":\"https:\\\/\\\/www.immo-invest.ch\\\/en\\\/neuer-ceo-uebernimmt-fuehrung-des-bauzulieferers-ab-januar-2025\\\/#authorImage\",\"url\":\"https:\\\/\\\/secure.gravatar.com\\\/avatar\\\/8e01f4d99f2eeea7a362ebb93305e1172a70e9293ba250f897a65c39f54cdd1e?s=96&d=mm&r=g\",\"width\":96,\"height\":96,\"caption\":\"immovestuser\"}},{\"@type\":\"WebPage\",\"@id\":\"https:\\\/\\\/www.immo-invest.ch\\\/en\\\/neuer-ceo-uebernimmt-fuehrung-des-bauzulieferers-ab-januar-2025\\\/#webpage\",\"url\":\"https:\\\/\\\/www.immo-invest.ch\\\/en\\\/neuer-ceo-uebernimmt-fuehrung-des-bauzulieferers-ab-januar-2025\\\/\",\"name\":\"New CEO to take over management of the construction supplier from January 2025 - immo!nvest - Die Plattform f\\u00fcr Standorte und Immobilien\",\"description\":\"Claudius Moor will become CEO of the Arbonia Group on 1 January. He will take the place of Alexander von Witzleben, who will focus on his role as Chairman of the Board of Directors. Moor has been CEO of the Doors Division at Arbonia since 2020.\",\"inLanguage\":\"en-US\",\"isPartOf\":{\"@id\":\"https:\\\/\\\/www.immo-invest.ch\\\/en\\\/#website\"},\"breadcrumb\":{\"@id\":\"https:\\\/\\\/www.immo-invest.ch\\\/en\\\/neuer-ceo-uebernimmt-fuehrung-des-bauzulieferers-ab-januar-2025\\\/#breadcrumblist\"},\"author\":{\"@id\":\"https:\\\/\\\/www.immo-invest.ch\\\/en\\\/author\\\/immovestuser\\\/#author\"},\"creator\":{\"@id\":\"https:\\\/\\\/www.immo-invest.ch\\\/en\\\/author\\\/immovestuser\\\/#author\"},\"image\":{\"@type\":\"ImageObject\",\"url\":\"https:\\\/\\\/www.immo-invest.ch\\\/wp-content\\\/uploads\\\/2024\\\/12\\\/immo-invest_unternehmen_personen_bauwirtschaft_finanzen_fuehrungswechsel_bauzulieferer.png\",\"@id\":\"https:\\\/\\\/www.immo-invest.ch\\\/en\\\/neuer-ceo-uebernimmt-fuehrung-des-bauzulieferers-ab-januar-2025\\\/#mainImage\",\"width\":1536,\"height\":768},\"primaryImageOfPage\":{\"@id\":\"https:\\\/\\\/www.immo-invest.ch\\\/en\\\/neuer-ceo-uebernimmt-fuehrung-des-bauzulieferers-ab-januar-2025\\\/#mainImage\"},\"datePublished\":\"2024-12-30T10:00:00+01:00\",\"dateModified\":\"2024-12-19T15:26:11+01:00\"},{\"@type\":\"WebSite\",\"@id\":\"https:\\\/\\\/www.immo-invest.ch\\\/en\\\/#website\",\"url\":\"https:\\\/\\\/www.immo-invest.ch\\\/en\\\/\",\"name\":\"immo!nvest - Die Plattform f\\u00fcr Standorte und Immobilien\",\"description\":\"Die\\u00a0Plattform f\\u00fcr Standorte und Immobilien\",\"inLanguage\":\"en-US\",\"publisher\":{\"@id\":\"https:\\\/\\\/www.immo-invest.ch\\\/en\\\/#organization\"}}]}\n\t\t<\/script>\n\t\t<!-- All in One SEO -->\n\n","aioseo_head_json":{"title":"New CEO to take over management of the construction supplier from January 2025 - immo!nvest - Die Plattform f\u00fcr Standorte und Immobilien","description":"Claudius Moor will become CEO of the Arbonia Group on 1 January. He will take the place of Alexander von Witzleben, who will focus on his role as Chairman of the Board of Directors. Moor has been CEO of the Doors Division at Arbonia since 2020.","canonical_url":"https:\/\/www.immo-invest.ch\/en\/neuer-ceo-uebernimmt-fuehrung-des-bauzulieferers-ab-januar-2025\/","robots":"max-image-preview:large","keywords":"","webmasterTools":{"google-site-verification":"fHJKvgWpZCR2zVBHWfkQeFXC11qieUSff0HGNYfuyLA","miscellaneous":""},"schema":{"@context":"https:\/\/schema.org","@graph":[{"@type":"BlogPosting","@id":"https:\/\/www.immo-invest.ch\/en\/neuer-ceo-uebernimmt-fuehrung-des-bauzulieferers-ab-januar-2025\/#blogposting","name":"New CEO to take over management of the construction supplier from January 2025 - immo!nvest - Die Plattform f\u00fcr Standorte und Immobilien","headline":"New CEO to take over management of the construction supplier from January 2025","author":{"@id":"https:\/\/www.immo-invest.ch\/en\/author\/immovestuser\/#author"},"publisher":{"@id":"https:\/\/www.immo-invest.ch\/en\/#organization"},"image":{"@type":"ImageObject","url":"https:\/\/www.immo-invest.ch\/wp-content\/uploads\/2024\/12\/immo-invest_unternehmen_personen_bauwirtschaft_finanzen_fuehrungswechsel_bauzulieferer.png","width":1536,"height":768},"datePublished":"2024-12-30T10:00:00+01:00","dateModified":"2024-12-19T15:26:11+01:00","inLanguage":"en-US","mainEntityOfPage":{"@id":"https:\/\/www.immo-invest.ch\/en\/neuer-ceo-uebernimmt-fuehrung-des-bauzulieferers-ab-januar-2025\/#webpage"},"isPartOf":{"@id":"https:\/\/www.immo-invest.ch\/en\/neuer-ceo-uebernimmt-fuehrung-des-bauzulieferers-ab-januar-2025\/#webpage"},"articleSection":"Business, Company, Construction, immoNews, People, Switzerland, Thurgau, Bauwirtschaft, Bauzulieferer, F\u00fchrungswechsel, Gesch\u00e4ftsleitung, Immoinvest, immoNews, News, Schweiz, Unternehmensf\u00fchrung, Optional"},{"@type":"BreadcrumbList","@id":"https:\/\/www.immo-invest.ch\/en\/neuer-ceo-uebernimmt-fuehrung-des-bauzulieferers-ab-januar-2025\/#breadcrumblist","itemListElement":[{"@type":"ListItem","@id":"https:\/\/www.immo-invest.ch\/en\/#listItem","position":1,"name":"Home","item":"https:\/\/www.immo-invest.ch\/en\/","nextItem":{"@type":"ListItem","@id":"https:\/\/www.immo-invest.ch\/en\/category\/regions-en\/#listItem","name":"Regions"}},{"@type":"ListItem","@id":"https:\/\/www.immo-invest.ch\/en\/category\/regions-en\/#listItem","position":2,"name":"Regions","item":"https:\/\/www.immo-invest.ch\/en\/category\/regions-en\/","nextItem":{"@type":"ListItem","@id":"https:\/\/www.immo-invest.ch\/en\/category\/regions-en\/switzerland\/#listItem","name":"Switzerland"},"previousItem":{"@type":"ListItem","@id":"https:\/\/www.immo-invest.ch\/en\/#listItem","name":"Home"}},{"@type":"ListItem","@id":"https:\/\/www.immo-invest.ch\/en\/category\/regions-en\/switzerland\/#listItem","position":3,"name":"Switzerland","item":"https:\/\/www.immo-invest.ch\/en\/category\/regions-en\/switzerland\/","nextItem":{"@type":"ListItem","@id":"https:\/\/www.immo-invest.ch\/en\/category\/regions-en\/switzerland\/eastern-switzerland\/#listItem","name":"Eastern Switzerland"},"previousItem":{"@type":"ListItem","@id":"https:\/\/www.immo-invest.ch\/en\/category\/regions-en\/#listItem","name":"Regions"}},{"@type":"ListItem","@id":"https:\/\/www.immo-invest.ch\/en\/category\/regions-en\/switzerland\/eastern-switzerland\/#listItem","position":4,"name":"Eastern Switzerland","item":"https:\/\/www.immo-invest.ch\/en\/category\/regions-en\/switzerland\/eastern-switzerland\/","nextItem":{"@type":"ListItem","@id":"https:\/\/www.immo-invest.ch\/en\/category\/regions-en\/switzerland\/eastern-switzerland\/thurgau-en\/#listItem","name":"Thurgau"},"previousItem":{"@type":"ListItem","@id":"https:\/\/www.immo-invest.ch\/en\/category\/regions-en\/switzerland\/#listItem","name":"Switzerland"}},{"@type":"ListItem","@id":"https:\/\/www.immo-invest.ch\/en\/category\/regions-en\/switzerland\/eastern-switzerland\/thurgau-en\/#listItem","position":5,"name":"Thurgau","item":"https:\/\/www.immo-invest.ch\/en\/category\/regions-en\/switzerland\/eastern-switzerland\/thurgau-en\/","nextItem":{"@type":"ListItem","@id":"https:\/\/www.immo-invest.ch\/en\/neuer-ceo-uebernimmt-fuehrung-des-bauzulieferers-ab-januar-2025\/#listItem","name":"New CEO to take over management of the construction supplier from January 2025"},"previousItem":{"@type":"ListItem","@id":"https:\/\/www.immo-invest.ch\/en\/category\/regions-en\/switzerland\/eastern-switzerland\/#listItem","name":"Eastern Switzerland"}},{"@type":"ListItem","@id":"https:\/\/www.immo-invest.ch\/en\/neuer-ceo-uebernimmt-fuehrung-des-bauzulieferers-ab-januar-2025\/#listItem","position":6,"name":"New CEO to take over management of the construction supplier from January 2025","previousItem":{"@type":"ListItem","@id":"https:\/\/www.immo-invest.ch\/en\/category\/regions-en\/switzerland\/eastern-switzerland\/thurgau-en\/#listItem","name":"Thurgau"}}]},{"@type":"Organization","@id":"https:\/\/www.immo-invest.ch\/en\/#organization","name":"immo!nvest - Die Plattform f\u00fcr Standorte und Immobilien","description":"Die\u00a0Plattform f\u00fcr Standorte und Immobilien","url":"https:\/\/www.immo-invest.ch\/en\/","email":"admin@immomedia.ag","telephone":"+41444420002","logo":{"@type":"ImageObject","url":"https:\/\/www.immo-invest.ch\/wp-content\/uploads\/2024\/09\/immoinvest_sm-scaled.jpg","@id":"https:\/\/www.immo-invest.ch\/en\/neuer-ceo-uebernimmt-fuehrung-des-bauzulieferers-ab-januar-2025\/#organizationLogo","width":2560,"height":1340},"image":{"@id":"https:\/\/www.immo-invest.ch\/en\/neuer-ceo-uebernimmt-fuehrung-des-bauzulieferers-ab-januar-2025\/#organizationLogo"},"sameAs":["https:\/\/www.facebook.com\/people\/Immoinvest\/100077962920504\/","https:\/\/x.com\/i\/flow\/login?redirect_after_login=immoinvest_ch","https:\/\/www.instagram.com\/immoinvest_ch\/","https:\/\/www.linkedin.com\/company\/immoinvest-swiss"]},{"@type":"Person","@id":"https:\/\/www.immo-invest.ch\/en\/author\/immovestuser\/#author","url":"https:\/\/www.immo-invest.ch\/en\/author\/immovestuser\/","name":"immovestuser","image":{"@type":"ImageObject","@id":"https:\/\/www.immo-invest.ch\/en\/neuer-ceo-uebernimmt-fuehrung-des-bauzulieferers-ab-januar-2025\/#authorImage","url":"https:\/\/secure.gravatar.com\/avatar\/8e01f4d99f2eeea7a362ebb93305e1172a70e9293ba250f897a65c39f54cdd1e?s=96&d=mm&r=g","width":96,"height":96,"caption":"immovestuser"}},{"@type":"WebPage","@id":"https:\/\/www.immo-invest.ch\/en\/neuer-ceo-uebernimmt-fuehrung-des-bauzulieferers-ab-januar-2025\/#webpage","url":"https:\/\/www.immo-invest.ch\/en\/neuer-ceo-uebernimmt-fuehrung-des-bauzulieferers-ab-januar-2025\/","name":"New CEO to take over management of the construction supplier from January 2025 - immo!nvest - Die Plattform f\u00fcr Standorte und Immobilien","description":"Claudius Moor will become CEO of the Arbonia Group on 1 January. He will take the place of Alexander von Witzleben, who will focus on his role as Chairman of the Board of Directors. Moor has been CEO of the Doors Division at Arbonia since 2020.","inLanguage":"en-US","isPartOf":{"@id":"https:\/\/www.immo-invest.ch\/en\/#website"},"breadcrumb":{"@id":"https:\/\/www.immo-invest.ch\/en\/neuer-ceo-uebernimmt-fuehrung-des-bauzulieferers-ab-januar-2025\/#breadcrumblist"},"author":{"@id":"https:\/\/www.immo-invest.ch\/en\/author\/immovestuser\/#author"},"creator":{"@id":"https:\/\/www.immo-invest.ch\/en\/author\/immovestuser\/#author"},"image":{"@type":"ImageObject","url":"https:\/\/www.immo-invest.ch\/wp-content\/uploads\/2024\/12\/immo-invest_unternehmen_personen_bauwirtschaft_finanzen_fuehrungswechsel_bauzulieferer.png","@id":"https:\/\/www.immo-invest.ch\/en\/neuer-ceo-uebernimmt-fuehrung-des-bauzulieferers-ab-januar-2025\/#mainImage","width":1536,"height":768},"primaryImageOfPage":{"@id":"https:\/\/www.immo-invest.ch\/en\/neuer-ceo-uebernimmt-fuehrung-des-bauzulieferers-ab-januar-2025\/#mainImage"},"datePublished":"2024-12-30T10:00:00+01:00","dateModified":"2024-12-19T15:26:11+01:00"},{"@type":"WebSite","@id":"https:\/\/www.immo-invest.ch\/en\/#website","url":"https:\/\/www.immo-invest.ch\/en\/","name":"immo!nvest - Die Plattform f\u00fcr Standorte und Immobilien","description":"Die\u00a0Plattform f\u00fcr Standorte und Immobilien","inLanguage":"en-US","publisher":{"@id":"https:\/\/www.immo-invest.ch\/en\/#organization"}}]},"og:locale":"en_US","og:site_name":"immo!nvest - Die Plattform f\u00fcr Standorte und Immobilien - Die\u00a0Plattform f\u00fcr Standorte und Immobilien","og:type":"article","og:title":"New CEO to take over management of the construction supplier from January 2025 - immo!nvest - Die Plattform f\u00fcr Standorte und Immobilien","og:description":"Claudius Moor will become CEO of the Arbonia Group on 1 January. He will take the place of Alexander von Witzleben, who will focus on his role as Chairman of the Board of Directors. Moor has been CEO of the Doors Division at Arbonia since 2020.","og:url":"https:\/\/www.immo-invest.ch\/en\/neuer-ceo-uebernimmt-fuehrung-des-bauzulieferers-ab-januar-2025\/","og:image":"https:\/\/www.immo-invest.ch\/wp-content\/uploads\/2024\/12\/immo-invest_unternehmen_personen_bauwirtschaft_finanzen_fuehrungswechsel_bauzulieferer.png","og:image:secure_url":"https:\/\/www.immo-invest.ch\/wp-content\/uploads\/2024\/12\/immo-invest_unternehmen_personen_bauwirtschaft_finanzen_fuehrungswechsel_bauzulieferer.png","og:image:width":1536,"og:image:height":768,"article:published_time":"2024-12-30T09:00:00+00:00","article:modified_time":"2024-12-19T14:26:11+00:00","article:publisher":"https:\/\/www.facebook.com\/people\/Immoinvest\/100077962920504\/","twitter:card":"summary_large_image","twitter:site":"@i","twitter:title":"New CEO to take over management of the construction supplier from January 2025 - immo!nvest - Die Plattform f\u00fcr Standorte und Immobilien","twitter:description":"Claudius Moor will become CEO of the Arbonia Group on 1 January. He will take the place of Alexander von Witzleben, who will focus on his role as Chairman of the Board of Directors. Moor has been CEO of the Doors Division at Arbonia since 2020.","twitter:creator":"@i","twitter:image":"https:\/\/www.immo-invest.ch\/wp-content\/uploads\/2024\/12\/immo-invest_unternehmen_personen_bauwirtschaft_finanzen_fuehrungswechsel_bauzulieferer.png"},"aioseo_meta_data":{"post_id":"122424","title":null,"description":null,"keywords":null,"keyphrases":{"focus":{"keyphrase":"","score":0,"analysis":{"keyphraseInTitle":{"score":0,"maxScore":9,"error":1}}},"additional":[]},"primary_term":null,"canonical_url":null,"og_title":null,"og_description":null,"og_object_type":"default","og_image_type":"default","og_image_url":null,"og_image_width":null,"og_image_height":null,"og_image_custom_url":null,"og_image_custom_fields":null,"og_video":"","og_custom_url":null,"og_article_section":null,"og_article_tags":null,"twitter_use_og":false,"twitter_card":"default","twitter_image_type":"default","twitter_image_url":null,"twitter_image_custom_url":null,"twitter_image_custom_fields":null,"twitter_title":null,"twitter_description":null,"schema":{"blockGraphs":[],"customGraphs":[],"default":{"data":{"Article":[],"Course":[],"Dataset":[],"FAQPage":[],"Movie":[],"Person":[],"Product":[],"ProductReview":[],"Car":[],"Recipe":[],"Service":[],"SoftwareApplication":[],"WebPage":[]},"graphName":"BlogPosting","isEnabled":true},"graphs":[]},"schema_type":"default","schema_type_options":null,"pillar_content":false,"robots_default":true,"robots_noindex":false,"robots_noarchive":false,"robots_nosnippet":false,"robots_nofollow":false,"robots_noimageindex":false,"robots_noodp":false,"robots_notranslate":false,"robots_max_snippet":"-1","robots_max_videopreview":"-1","robots_max_imagepreview":"large","priority":null,"frequency":"default","local_seo":null,"breadcrumb_settings":null,"limit_modified_date":false,"ai":null,"created":"2024-12-19 14:26:12","updated":"2025-10-24 14:59:14","seo_analyzer_scan_date":null,"focus_keyword":null,"additional_keywords":null,"truseo_locale":null},"aioseo_breadcrumb":"<div class=\"aioseo-breadcrumbs\"><span class=\"aioseo-breadcrumb\">\n\t\t\t<a href=\"https:\/\/www.immo-invest.ch\/en\/\" title=\"Home\">Home<\/a>\n\t\t<\/span><span class=\"aioseo-breadcrumb-separator\">&raquo;<\/span><span class=\"aioseo-breadcrumb\">\n\t\t\t<a href=\"https:\/\/www.immo-invest.ch\/en\/category\/regions-en\/\" title=\"Regions\">Regions<\/a>\n\t\t<\/span><span class=\"aioseo-breadcrumb-separator\">&raquo;<\/span><span class=\"aioseo-breadcrumb\">\n\t\t\t<a href=\"https:\/\/www.immo-invest.ch\/en\/category\/regions-en\/switzerland\/\" title=\"Switzerland\">Switzerland<\/a>\n\t\t<\/span><span class=\"aioseo-breadcrumb-separator\">&raquo;<\/span><span class=\"aioseo-breadcrumb\">\n\t\t\t<a href=\"https:\/\/www.immo-invest.ch\/en\/category\/regions-en\/switzerland\/eastern-switzerland\/\" title=\"Eastern Switzerland\">Eastern Switzerland<\/a>\n\t\t<\/span><span class=\"aioseo-breadcrumb-separator\">&raquo;<\/span><span class=\"aioseo-breadcrumb\">\n\t\t\t<a href=\"https:\/\/www.immo-invest.ch\/en\/category\/regions-en\/switzerland\/eastern-switzerland\/thurgau-en\/\" title=\"Thurgau\">Thurgau<\/a>\n\t\t<\/span><span class=\"aioseo-breadcrumb-separator\">&raquo;<\/span><span class=\"aioseo-breadcrumb\">\n\t\t\tNew CEO to take over management of the construction supplier from January 2025\n\t\t<\/span><\/div>","aioseo_breadcrumb_json":[{"label":"Home","link":"https:\/\/www.immo-invest.ch\/en\/"},{"label":"Regions","link":"https:\/\/www.immo-invest.ch\/en\/category\/regions-en\/"},{"label":"Switzerland","link":"https:\/\/www.immo-invest.ch\/en\/category\/regions-en\/switzerland\/"},{"label":"Eastern Switzerland","link":"https:\/\/www.immo-invest.ch\/en\/category\/regions-en\/switzerland\/eastern-switzerland\/"},{"label":"Thurgau","link":"https:\/\/www.immo-invest.ch\/en\/category\/regions-en\/switzerland\/eastern-switzerland\/thurgau-en\/"},{"label":"New CEO to take over management of the construction supplier from January 2025","link":"https:\/\/www.immo-invest.ch\/en\/neuer-ceo-uebernimmt-fuehrung-des-bauzulieferers-ab-januar-2025\/"}],"featured_image_src":"https:\/\/www.immo-invest.ch\/wp-content\/uploads\/2024\/12\/immo-invest_unternehmen_personen_bauwirtschaft_finanzen_fuehrungswechsel_bauzulieferer-336x168.png","_links":{"self":[{"href":"https:\/\/www.immo-invest.ch\/en\/wp-json\/wp\/v2\/posts\/122424","targetHints":{"allow":["GET"]}}],"collection":[{"href":"https:\/\/www.immo-invest.ch\/en\/wp-json\/wp\/v2\/posts"}],"about":[{"href":"https:\/\/www.immo-invest.ch\/en\/wp-json\/wp\/v2\/types\/post"}],"author":[{"embeddable":true,"href":"https:\/\/www.immo-invest.ch\/en\/wp-json\/wp\/v2\/users\/2"}],"replies":[{"embeddable":true,"href":"https:\/\/www.immo-invest.ch\/en\/wp-json\/wp\/v2\/comments?post=122424"}],"version-history":[{"count":0,"href":"https:\/\/www.immo-invest.ch\/en\/wp-json\/wp\/v2\/posts\/122424\/revisions"}],"wp:featuredmedia":[{"embeddable":true,"href":"https:\/\/www.immo-invest.ch\/en\/wp-json\/wp\/v2\/media\/122419"}],"wp:attachment":[{"href":"https:\/\/www.immo-invest.ch\/en\/wp-json\/wp\/v2\/media?parent=122424"}],"wp:term":[{"taxonomy":"category","embeddable":true,"href":"https:\/\/www.immo-invest.ch\/en\/wp-json\/wp\/v2\/categories?post=122424"},{"taxonomy":"post_tag","embeddable":true,"href":"https:\/\/www.immo-invest.ch\/en\/wp-json\/wp\/v2\/tags?post=122424"}],"curies":[{"name":"wp","href":"https:\/\/api.w.org\/{rel}","templated":true}]}}