{"id":119783,"date":"2024-11-20T08:33:09","date_gmt":"2024-11-20T07:33:09","guid":{"rendered":"https:\/\/www.immo-invest.ch\/feldtest-fuer-vertikale-windturbine-in-bruetten-gestartet\/"},"modified":"2024-11-20T08:35:52","modified_gmt":"2024-11-20T07:35:52","slug":"feldtest-fuer-vertikale-windturbine-in-bruetten-gestartet","status":"publish","type":"post","link":"https:\/\/www.immo-invest.ch\/en\/feldtest-fuer-vertikale-windturbine-in-bruetten-gestartet\/","title":{"rendered":"Field test started for vertical wind turbine in Br\u00fctten"},"content":{"rendered":"<p class=\"bodytext\">According to a <a href=\"https:\/\/www.agilewindpower.com\/de\/news\/a6-drehtest-lemwerder\" target=\"_blank\" rel=\"noopener\">press release<\/a>,<a href=\"https:\/\/www.agilewindpower.com\/\" target=\"_blank\" rel=\"noopener\">Agile Wind Power<\/a> has been testing a scaled-down version of its vertical wind turbine in Br&uuml;tten since the end of October. The company, based in D&uuml;bendorf ZH, wants to use it to test the control technology in the field. The tests in the wind tunnel yielded positive results.<\/p>\n<p class=\"bodytext\">The test facility represents a milestone for the company. &ldquo;This is an important step for confidence in the development of the turbine,&rdquo; says Laurenz Zellweger, responsible for communications at Agile Wind Power. The rotors of a full-size test turbine in Grevenbroich, Germany, were cracked and then broke off, according to Zellweger the result of resonances in the rotor.<\/p>\n<p class=\"bodytext\">The rotors of the Agile Wind Power turbine rotate around the mast instead of around a scar at the top of the mast, as is the case with conventional wind turbines. With a tower height of 133 meters in the A40 version and a rotor length of 65 meters, the diameter of the turbine is still only 40 meters.<\/p>\n<p class=\"bodytext\">Agile Wind Power calls its innovative design Vertical Sky. It is intended to reduce the noise level of the turbine, simplify the logistics of installation and maintenance and reduce operating costs. In addition, locations that were previously unsuitable for wind power could be used.<\/p>\n<p class=\"bodytext\">The field test in Br&uuml;tten is expected to last around a year.<\/p>\n","protected":false},"excerpt":{"rendered":"<p>Agile Wind Power is testing a new version of its vertical wind turbine in Br\u00fctten. The innovative Vertical Sky design promises lower noise levels, simplified logistics and lower operating costs. The field test marks an important step in the further development of the technology.<\/p>\n","protected":false},"author":2,"featured_media":119778,"comment_status":"open","ping_status":"open","sticky":false,"template":"","format":"standard","meta":{"pmpro_default_level":"","inline_featured_image":false,"_monsterinsights_skip_tracking":false,"footnotes":""},"categories":[12482,12476,22698,12493],"tags":[50654,12525,12526,12528,50655,13887],"class_list":["post-119783","post","type-post","status-publish","format-standard","has-post-thumbnail","hentry","category-energy","category-immonews","category-sustainability","category-region-zurich-en","tag-bruetten-en","tag-immoinvest-en","tag-immonews-en","tag-news-en","tag-vertical-sky-en","tag-windenergie-en","pmpro-has-access"],"acf":{"bild_mit_ki_erstellt_worden":[],"lead":"Agile Wind Power is testing a new version of its vertical wind turbine in Br\u00fctten. The innovative Vertical Sky design promises lower noise levels, simplified logistics and lower operating costs. The field test marks an important step in the further development of the technology.","autor":"ce\/stk","ort":"Br\u00fctten ZH","bildunterschrift":"","bild_im_grid":false,"gallerie":"","newsim":""},"aioseo_notices":[],"aioseo_head":"\n\t\t<!-- All in One SEO 5.0.1.1 - aioseo.com -->\n\t<meta name=\"description\" content=\"Agile Wind Power is testing a new version of its vertical wind turbine in Br\u00fctten. The innovative Vertical Sky design promises lower noise levels, simplified logistics and lower operating costs. The field test marks an important step in the further development of the technology.\" \/>\n\t<meta name=\"robots\" content=\"max-image-preview:large\" \/>\n\t<meta name=\"author\" content=\"immovestuser\"\/>\n\t<meta name=\"google-site-verification\" content=\"fHJKvgWpZCR2zVBHWfkQeFXC11qieUSff0HGNYfuyLA\" \/>\n\t<link rel=\"canonical\" href=\"https:\/\/www.immo-invest.ch\/en\/feldtest-fuer-vertikale-windturbine-in-bruetten-gestartet\/\" \/>\n\t<meta name=\"generator\" content=\"All in One SEO (AIOSEO) 5.0.1.1\" \/>\n\t\t<meta property=\"og:locale\" content=\"en_US\" \/>\n\t\t<meta property=\"og:site_name\" content=\"immo!nvest - Die Plattform f\u00fcr Standorte und Immobilien - Die\u00a0Plattform f\u00fcr Standorte und Immobilien\" \/>\n\t\t<meta property=\"og:type\" content=\"article\" \/>\n\t\t<meta property=\"og:title\" content=\"Field test started for vertical wind turbine in Br\u00fctten - immo!nvest - Die Plattform f\u00fcr Standorte und Immobilien\" \/>\n\t\t<meta property=\"og:description\" content=\"Agile Wind Power is testing a new version of its vertical wind turbine in Br\u00fctten. The innovative Vertical Sky design promises lower noise levels, simplified logistics and lower operating costs. The field test marks an important step in the further development of the technology.\" \/>\n\t\t<meta property=\"og:url\" content=\"https:\/\/www.immo-invest.ch\/en\/feldtest-fuer-vertikale-windturbine-in-bruetten-gestartet\/\" \/>\n\t\t<meta property=\"og:image\" content=\"https:\/\/www.immo-invest.ch\/wp-content\/uploads\/2024\/11\/Unbenannt-7.png\" \/>\n\t\t<meta property=\"og:image:secure_url\" content=\"https:\/\/www.immo-invest.ch\/wp-content\/uploads\/2024\/11\/Unbenannt-7.png\" \/>\n\t\t<meta property=\"og:image:width\" content=\"1792\" \/>\n\t\t<meta property=\"og:image:height\" content=\"1024\" \/>\n\t\t<meta property=\"article:published_time\" content=\"2024-11-20T07:33:09+00:00\" \/>\n\t\t<meta property=\"article:modified_time\" content=\"2024-11-20T07:35:52+00:00\" \/>\n\t\t<meta property=\"article:publisher\" content=\"https:\/\/www.facebook.com\/people\/Immoinvest\/100077962920504\/\" \/>\n\t\t<meta name=\"twitter:card\" content=\"summary_large_image\" \/>\n\t\t<meta name=\"twitter:site\" content=\"@i\" \/>\n\t\t<meta name=\"twitter:title\" content=\"Field test started for vertical wind turbine in Br\u00fctten - immo!nvest - Die Plattform f\u00fcr Standorte und Immobilien\" \/>\n\t\t<meta name=\"twitter:description\" content=\"Agile Wind Power is testing a new version of its vertical wind turbine in Br\u00fctten. The innovative Vertical Sky design promises lower noise levels, simplified logistics and lower operating costs. The field test marks an important step in the further development of the technology.\" \/>\n\t\t<meta name=\"twitter:creator\" content=\"@i\" \/>\n\t\t<meta name=\"twitter:image\" content=\"https:\/\/www.immo-invest.ch\/wp-content\/uploads\/2024\/11\/Unbenannt-7.png\" \/>\n\t\t<script type=\"application\/ld+json\" class=\"aioseo-schema\">\n\t\t\t{\"@context\":\"https:\\\/\\\/schema.org\",\"@graph\":[{\"@type\":\"BlogPosting\",\"@id\":\"https:\\\/\\\/www.immo-invest.ch\\\/en\\\/feldtest-fuer-vertikale-windturbine-in-bruetten-gestartet\\\/#blogposting\",\"name\":\"Field test started for vertical wind turbine in Br\\u00fctten - immo!nvest - Die Plattform f\\u00fcr Standorte und Immobilien\",\"headline\":\"Field test started for vertical wind turbine in Br\\u00fctten\",\"author\":{\"@id\":\"https:\\\/\\\/www.immo-invest.ch\\\/en\\\/author\\\/immovestuser\\\/#author\"},\"publisher\":{\"@id\":\"https:\\\/\\\/www.immo-invest.ch\\\/en\\\/#organization\"},\"image\":{\"@type\":\"ImageObject\",\"url\":\"https:\\\/\\\/www.immo-invest.ch\\\/wp-content\\\/uploads\\\/2024\\\/11\\\/Unbenannt-7.png\",\"width\":1792,\"height\":1024},\"datePublished\":\"2024-11-20T08:33:09+01:00\",\"dateModified\":\"2024-11-20T08:35:52+01:00\",\"inLanguage\":\"en-US\",\"mainEntityOfPage\":{\"@id\":\"https:\\\/\\\/www.immo-invest.ch\\\/en\\\/feldtest-fuer-vertikale-windturbine-in-bruetten-gestartet\\\/#webpage\"},\"isPartOf\":{\"@id\":\"https:\\\/\\\/www.immo-invest.ch\\\/en\\\/feldtest-fuer-vertikale-windturbine-in-bruetten-gestartet\\\/#webpage\"},\"articleSection\":\"Energy, immoNews, Sustainability, Zurich, Br\\u00fctten, Immoinvest, immoNews, News, Vertical Sky, Windenergie, Optional\"},{\"@type\":\"BreadcrumbList\",\"@id\":\"https:\\\/\\\/www.immo-invest.ch\\\/en\\\/feldtest-fuer-vertikale-windturbine-in-bruetten-gestartet\\\/#breadcrumblist\",\"itemListElement\":[{\"@type\":\"ListItem\",\"@id\":\"https:\\\/\\\/www.immo-invest.ch\\\/en\\\/#listItem\",\"position\":1,\"name\":\"Home\",\"item\":\"https:\\\/\\\/www.immo-invest.ch\\\/en\\\/\",\"nextItem\":{\"@type\":\"ListItem\",\"@id\":\"https:\\\/\\\/www.immo-invest.ch\\\/en\\\/category\\\/regions-en\\\/#listItem\",\"name\":\"Regions\"}},{\"@type\":\"ListItem\",\"@id\":\"https:\\\/\\\/www.immo-invest.ch\\\/en\\\/category\\\/regions-en\\\/#listItem\",\"position\":2,\"name\":\"Regions\",\"item\":\"https:\\\/\\\/www.immo-invest.ch\\\/en\\\/category\\\/regions-en\\\/\",\"nextItem\":{\"@type\":\"ListItem\",\"@id\":\"https:\\\/\\\/www.immo-invest.ch\\\/en\\\/category\\\/regions-en\\\/switzerland\\\/#listItem\",\"name\":\"Switzerland\"},\"previousItem\":{\"@type\":\"ListItem\",\"@id\":\"https:\\\/\\\/www.immo-invest.ch\\\/en\\\/#listItem\",\"name\":\"Home\"}},{\"@type\":\"ListItem\",\"@id\":\"https:\\\/\\\/www.immo-invest.ch\\\/en\\\/category\\\/regions-en\\\/switzerland\\\/#listItem\",\"position\":3,\"name\":\"Switzerland\",\"item\":\"https:\\\/\\\/www.immo-invest.ch\\\/en\\\/category\\\/regions-en\\\/switzerland\\\/\",\"nextItem\":{\"@type\":\"ListItem\",\"@id\":\"https:\\\/\\\/www.immo-invest.ch\\\/en\\\/category\\\/regions-en\\\/switzerland\\\/region-zurich-en\\\/#listItem\",\"name\":\"Zurich\"},\"previousItem\":{\"@type\":\"ListItem\",\"@id\":\"https:\\\/\\\/www.immo-invest.ch\\\/en\\\/category\\\/regions-en\\\/#listItem\",\"name\":\"Regions\"}},{\"@type\":\"ListItem\",\"@id\":\"https:\\\/\\\/www.immo-invest.ch\\\/en\\\/category\\\/regions-en\\\/switzerland\\\/region-zurich-en\\\/#listItem\",\"position\":4,\"name\":\"Zurich\",\"item\":\"https:\\\/\\\/www.immo-invest.ch\\\/en\\\/category\\\/regions-en\\\/switzerland\\\/region-zurich-en\\\/\",\"nextItem\":{\"@type\":\"ListItem\",\"@id\":\"https:\\\/\\\/www.immo-invest.ch\\\/en\\\/feldtest-fuer-vertikale-windturbine-in-bruetten-gestartet\\\/#listItem\",\"name\":\"Field test started for vertical wind turbine in Br\\u00fctten\"},\"previousItem\":{\"@type\":\"ListItem\",\"@id\":\"https:\\\/\\\/www.immo-invest.ch\\\/en\\\/category\\\/regions-en\\\/switzerland\\\/#listItem\",\"name\":\"Switzerland\"}},{\"@type\":\"ListItem\",\"@id\":\"https:\\\/\\\/www.immo-invest.ch\\\/en\\\/feldtest-fuer-vertikale-windturbine-in-bruetten-gestartet\\\/#listItem\",\"position\":5,\"name\":\"Field test started for vertical wind turbine in Br\\u00fctten\",\"previousItem\":{\"@type\":\"ListItem\",\"@id\":\"https:\\\/\\\/www.immo-invest.ch\\\/en\\\/category\\\/regions-en\\\/switzerland\\\/region-zurich-en\\\/#listItem\",\"name\":\"Zurich\"}}]},{\"@type\":\"Organization\",\"@id\":\"https:\\\/\\\/www.immo-invest.ch\\\/en\\\/#organization\",\"name\":\"immo!nvest - Die Plattform f\\u00fcr Standorte und Immobilien\",\"description\":\"Die\\u00a0Plattform f\\u00fcr Standorte und Immobilien\",\"url\":\"https:\\\/\\\/www.immo-invest.ch\\\/en\\\/\",\"email\":\"admin@immomedia.ag\",\"telephone\":\"+41444420002\",\"logo\":{\"@type\":\"ImageObject\",\"url\":\"https:\\\/\\\/www.immo-invest.ch\\\/wp-content\\\/uploads\\\/2024\\\/09\\\/immoinvest_sm-scaled.jpg\",\"@id\":\"https:\\\/\\\/www.immo-invest.ch\\\/en\\\/feldtest-fuer-vertikale-windturbine-in-bruetten-gestartet\\\/#organizationLogo\",\"width\":2560,\"height\":1340},\"image\":{\"@id\":\"https:\\\/\\\/www.immo-invest.ch\\\/en\\\/feldtest-fuer-vertikale-windturbine-in-bruetten-gestartet\\\/#organizationLogo\"},\"sameAs\":[\"https:\\\/\\\/www.facebook.com\\\/people\\\/Immoinvest\\\/100077962920504\\\/\",\"https:\\\/\\\/x.com\\\/i\\\/flow\\\/login?redirect_after_login=immoinvest_ch\",\"https:\\\/\\\/www.instagram.com\\\/immoinvest_ch\\\/\",\"https:\\\/\\\/www.linkedin.com\\\/company\\\/immoinvest-swiss\"]},{\"@type\":\"Person\",\"@id\":\"https:\\\/\\\/www.immo-invest.ch\\\/en\\\/author\\\/immovestuser\\\/#author\",\"url\":\"https:\\\/\\\/www.immo-invest.ch\\\/en\\\/author\\\/immovestuser\\\/\",\"name\":\"immovestuser\",\"image\":{\"@type\":\"ImageObject\",\"@id\":\"https:\\\/\\\/www.immo-invest.ch\\\/en\\\/feldtest-fuer-vertikale-windturbine-in-bruetten-gestartet\\\/#authorImage\",\"url\":\"https:\\\/\\\/secure.gravatar.com\\\/avatar\\\/8e01f4d99f2eeea7a362ebb93305e1172a70e9293ba250f897a65c39f54cdd1e?s=96&d=mm&r=g\",\"width\":96,\"height\":96,\"caption\":\"immovestuser\"}},{\"@type\":\"WebPage\",\"@id\":\"https:\\\/\\\/www.immo-invest.ch\\\/en\\\/feldtest-fuer-vertikale-windturbine-in-bruetten-gestartet\\\/#webpage\",\"url\":\"https:\\\/\\\/www.immo-invest.ch\\\/en\\\/feldtest-fuer-vertikale-windturbine-in-bruetten-gestartet\\\/\",\"name\":\"Field test started for vertical wind turbine in Br\\u00fctten - immo!nvest - Die Plattform f\\u00fcr Standorte und Immobilien\",\"description\":\"Agile Wind Power is testing a new version of its vertical wind turbine in Br\\u00fctten. The innovative Vertical Sky design promises lower noise levels, simplified logistics and lower operating costs. The field test marks an important step in the further development of the technology.\",\"inLanguage\":\"en-US\",\"isPartOf\":{\"@id\":\"https:\\\/\\\/www.immo-invest.ch\\\/en\\\/#website\"},\"breadcrumb\":{\"@id\":\"https:\\\/\\\/www.immo-invest.ch\\\/en\\\/feldtest-fuer-vertikale-windturbine-in-bruetten-gestartet\\\/#breadcrumblist\"},\"author\":{\"@id\":\"https:\\\/\\\/www.immo-invest.ch\\\/en\\\/author\\\/immovestuser\\\/#author\"},\"creator\":{\"@id\":\"https:\\\/\\\/www.immo-invest.ch\\\/en\\\/author\\\/immovestuser\\\/#author\"},\"image\":{\"@type\":\"ImageObject\",\"url\":\"https:\\\/\\\/www.immo-invest.ch\\\/wp-content\\\/uploads\\\/2024\\\/11\\\/Unbenannt-7.png\",\"@id\":\"https:\\\/\\\/www.immo-invest.ch\\\/en\\\/feldtest-fuer-vertikale-windturbine-in-bruetten-gestartet\\\/#mainImage\",\"width\":1792,\"height\":1024},\"primaryImageOfPage\":{\"@id\":\"https:\\\/\\\/www.immo-invest.ch\\\/en\\\/feldtest-fuer-vertikale-windturbine-in-bruetten-gestartet\\\/#mainImage\"},\"datePublished\":\"2024-11-20T08:33:09+01:00\",\"dateModified\":\"2024-11-20T08:35:52+01:00\"},{\"@type\":\"WebSite\",\"@id\":\"https:\\\/\\\/www.immo-invest.ch\\\/en\\\/#website\",\"url\":\"https:\\\/\\\/www.immo-invest.ch\\\/en\\\/\",\"name\":\"immo!nvest - Die Plattform f\\u00fcr Standorte und Immobilien\",\"description\":\"Die\\u00a0Plattform f\\u00fcr Standorte und Immobilien\",\"inLanguage\":\"en-US\",\"publisher\":{\"@id\":\"https:\\\/\\\/www.immo-invest.ch\\\/en\\\/#organization\"}}]}\n\t\t<\/script>\n\t\t<!-- All in One SEO -->\n\n","aioseo_head_json":{"title":"Field test started for vertical wind turbine in Br\u00fctten - immo!nvest - Die Plattform f\u00fcr Standorte und Immobilien","description":"Agile Wind Power is testing a new version of its vertical wind turbine in Br\u00fctten. The innovative Vertical Sky design promises lower noise levels, simplified logistics and lower operating costs. The field test marks an important step in the further development of the technology.","canonical_url":"https:\/\/www.immo-invest.ch\/en\/feldtest-fuer-vertikale-windturbine-in-bruetten-gestartet\/","robots":"max-image-preview:large","keywords":"","webmasterTools":{"google-site-verification":"fHJKvgWpZCR2zVBHWfkQeFXC11qieUSff0HGNYfuyLA","miscellaneous":""},"schema":{"@context":"https:\/\/schema.org","@graph":[{"@type":"BlogPosting","@id":"https:\/\/www.immo-invest.ch\/en\/feldtest-fuer-vertikale-windturbine-in-bruetten-gestartet\/#blogposting","name":"Field test started for vertical wind turbine in Br\u00fctten - immo!nvest - Die Plattform f\u00fcr Standorte und Immobilien","headline":"Field test started for vertical wind turbine in Br\u00fctten","author":{"@id":"https:\/\/www.immo-invest.ch\/en\/author\/immovestuser\/#author"},"publisher":{"@id":"https:\/\/www.immo-invest.ch\/en\/#organization"},"image":{"@type":"ImageObject","url":"https:\/\/www.immo-invest.ch\/wp-content\/uploads\/2024\/11\/Unbenannt-7.png","width":1792,"height":1024},"datePublished":"2024-11-20T08:33:09+01:00","dateModified":"2024-11-20T08:35:52+01:00","inLanguage":"en-US","mainEntityOfPage":{"@id":"https:\/\/www.immo-invest.ch\/en\/feldtest-fuer-vertikale-windturbine-in-bruetten-gestartet\/#webpage"},"isPartOf":{"@id":"https:\/\/www.immo-invest.ch\/en\/feldtest-fuer-vertikale-windturbine-in-bruetten-gestartet\/#webpage"},"articleSection":"Energy, immoNews, Sustainability, Zurich, Br\u00fctten, Immoinvest, immoNews, News, Vertical Sky, Windenergie, Optional"},{"@type":"BreadcrumbList","@id":"https:\/\/www.immo-invest.ch\/en\/feldtest-fuer-vertikale-windturbine-in-bruetten-gestartet\/#breadcrumblist","itemListElement":[{"@type":"ListItem","@id":"https:\/\/www.immo-invest.ch\/en\/#listItem","position":1,"name":"Home","item":"https:\/\/www.immo-invest.ch\/en\/","nextItem":{"@type":"ListItem","@id":"https:\/\/www.immo-invest.ch\/en\/category\/regions-en\/#listItem","name":"Regions"}},{"@type":"ListItem","@id":"https:\/\/www.immo-invest.ch\/en\/category\/regions-en\/#listItem","position":2,"name":"Regions","item":"https:\/\/www.immo-invest.ch\/en\/category\/regions-en\/","nextItem":{"@type":"ListItem","@id":"https:\/\/www.immo-invest.ch\/en\/category\/regions-en\/switzerland\/#listItem","name":"Switzerland"},"previousItem":{"@type":"ListItem","@id":"https:\/\/www.immo-invest.ch\/en\/#listItem","name":"Home"}},{"@type":"ListItem","@id":"https:\/\/www.immo-invest.ch\/en\/category\/regions-en\/switzerland\/#listItem","position":3,"name":"Switzerland","item":"https:\/\/www.immo-invest.ch\/en\/category\/regions-en\/switzerland\/","nextItem":{"@type":"ListItem","@id":"https:\/\/www.immo-invest.ch\/en\/category\/regions-en\/switzerland\/region-zurich-en\/#listItem","name":"Zurich"},"previousItem":{"@type":"ListItem","@id":"https:\/\/www.immo-invest.ch\/en\/category\/regions-en\/#listItem","name":"Regions"}},{"@type":"ListItem","@id":"https:\/\/www.immo-invest.ch\/en\/category\/regions-en\/switzerland\/region-zurich-en\/#listItem","position":4,"name":"Zurich","item":"https:\/\/www.immo-invest.ch\/en\/category\/regions-en\/switzerland\/region-zurich-en\/","nextItem":{"@type":"ListItem","@id":"https:\/\/www.immo-invest.ch\/en\/feldtest-fuer-vertikale-windturbine-in-bruetten-gestartet\/#listItem","name":"Field test started for vertical wind turbine in Br\u00fctten"},"previousItem":{"@type":"ListItem","@id":"https:\/\/www.immo-invest.ch\/en\/category\/regions-en\/switzerland\/#listItem","name":"Switzerland"}},{"@type":"ListItem","@id":"https:\/\/www.immo-invest.ch\/en\/feldtest-fuer-vertikale-windturbine-in-bruetten-gestartet\/#listItem","position":5,"name":"Field test started for vertical wind turbine in Br\u00fctten","previousItem":{"@type":"ListItem","@id":"https:\/\/www.immo-invest.ch\/en\/category\/regions-en\/switzerland\/region-zurich-en\/#listItem","name":"Zurich"}}]},{"@type":"Organization","@id":"https:\/\/www.immo-invest.ch\/en\/#organization","name":"immo!nvest - Die Plattform f\u00fcr Standorte und Immobilien","description":"Die\u00a0Plattform f\u00fcr Standorte und Immobilien","url":"https:\/\/www.immo-invest.ch\/en\/","email":"admin@immomedia.ag","telephone":"+41444420002","logo":{"@type":"ImageObject","url":"https:\/\/www.immo-invest.ch\/wp-content\/uploads\/2024\/09\/immoinvest_sm-scaled.jpg","@id":"https:\/\/www.immo-invest.ch\/en\/feldtest-fuer-vertikale-windturbine-in-bruetten-gestartet\/#organizationLogo","width":2560,"height":1340},"image":{"@id":"https:\/\/www.immo-invest.ch\/en\/feldtest-fuer-vertikale-windturbine-in-bruetten-gestartet\/#organizationLogo"},"sameAs":["https:\/\/www.facebook.com\/people\/Immoinvest\/100077962920504\/","https:\/\/x.com\/i\/flow\/login?redirect_after_login=immoinvest_ch","https:\/\/www.instagram.com\/immoinvest_ch\/","https:\/\/www.linkedin.com\/company\/immoinvest-swiss"]},{"@type":"Person","@id":"https:\/\/www.immo-invest.ch\/en\/author\/immovestuser\/#author","url":"https:\/\/www.immo-invest.ch\/en\/author\/immovestuser\/","name":"immovestuser","image":{"@type":"ImageObject","@id":"https:\/\/www.immo-invest.ch\/en\/feldtest-fuer-vertikale-windturbine-in-bruetten-gestartet\/#authorImage","url":"https:\/\/secure.gravatar.com\/avatar\/8e01f4d99f2eeea7a362ebb93305e1172a70e9293ba250f897a65c39f54cdd1e?s=96&d=mm&r=g","width":96,"height":96,"caption":"immovestuser"}},{"@type":"WebPage","@id":"https:\/\/www.immo-invest.ch\/en\/feldtest-fuer-vertikale-windturbine-in-bruetten-gestartet\/#webpage","url":"https:\/\/www.immo-invest.ch\/en\/feldtest-fuer-vertikale-windturbine-in-bruetten-gestartet\/","name":"Field test started for vertical wind turbine in Br\u00fctten - immo!nvest - Die Plattform f\u00fcr Standorte und Immobilien","description":"Agile Wind Power is testing a new version of its vertical wind turbine in Br\u00fctten. The innovative Vertical Sky design promises lower noise levels, simplified logistics and lower operating costs. The field test marks an important step in the further development of the technology.","inLanguage":"en-US","isPartOf":{"@id":"https:\/\/www.immo-invest.ch\/en\/#website"},"breadcrumb":{"@id":"https:\/\/www.immo-invest.ch\/en\/feldtest-fuer-vertikale-windturbine-in-bruetten-gestartet\/#breadcrumblist"},"author":{"@id":"https:\/\/www.immo-invest.ch\/en\/author\/immovestuser\/#author"},"creator":{"@id":"https:\/\/www.immo-invest.ch\/en\/author\/immovestuser\/#author"},"image":{"@type":"ImageObject","url":"https:\/\/www.immo-invest.ch\/wp-content\/uploads\/2024\/11\/Unbenannt-7.png","@id":"https:\/\/www.immo-invest.ch\/en\/feldtest-fuer-vertikale-windturbine-in-bruetten-gestartet\/#mainImage","width":1792,"height":1024},"primaryImageOfPage":{"@id":"https:\/\/www.immo-invest.ch\/en\/feldtest-fuer-vertikale-windturbine-in-bruetten-gestartet\/#mainImage"},"datePublished":"2024-11-20T08:33:09+01:00","dateModified":"2024-11-20T08:35:52+01:00"},{"@type":"WebSite","@id":"https:\/\/www.immo-invest.ch\/en\/#website","url":"https:\/\/www.immo-invest.ch\/en\/","name":"immo!nvest - Die Plattform f\u00fcr Standorte und Immobilien","description":"Die\u00a0Plattform f\u00fcr Standorte und Immobilien","inLanguage":"en-US","publisher":{"@id":"https:\/\/www.immo-invest.ch\/en\/#organization"}}]},"og:locale":"en_US","og:site_name":"immo!nvest - Die Plattform f\u00fcr Standorte und Immobilien - Die\u00a0Plattform f\u00fcr Standorte und Immobilien","og:type":"article","og:title":"Field test started for vertical wind turbine in Br\u00fctten - immo!nvest - Die Plattform f\u00fcr Standorte und Immobilien","og:description":"Agile Wind Power is testing a new version of its vertical wind turbine in Br\u00fctten. The innovative Vertical Sky design promises lower noise levels, simplified logistics and lower operating costs. The field test marks an important step in the further development of the technology.","og:url":"https:\/\/www.immo-invest.ch\/en\/feldtest-fuer-vertikale-windturbine-in-bruetten-gestartet\/","og:image":"https:\/\/www.immo-invest.ch\/wp-content\/uploads\/2024\/11\/Unbenannt-7.png","og:image:secure_url":"https:\/\/www.immo-invest.ch\/wp-content\/uploads\/2024\/11\/Unbenannt-7.png","og:image:width":1792,"og:image:height":1024,"article:published_time":"2024-11-20T07:33:09+00:00","article:modified_time":"2024-11-20T07:35:52+00:00","article:publisher":"https:\/\/www.facebook.com\/people\/Immoinvest\/100077962920504\/","twitter:card":"summary_large_image","twitter:site":"@i","twitter:title":"Field test started for vertical wind turbine in Br\u00fctten - immo!nvest - Die Plattform f\u00fcr Standorte und Immobilien","twitter:description":"Agile Wind Power is testing a new version of its vertical wind turbine in Br\u00fctten. The innovative Vertical Sky design promises lower noise levels, simplified logistics and lower operating costs. The field test marks an important step in the further development of the technology.","twitter:creator":"@i","twitter:image":"https:\/\/www.immo-invest.ch\/wp-content\/uploads\/2024\/11\/Unbenannt-7.png"},"aioseo_meta_data":{"post_id":"119783","title":null,"description":null,"keywords":null,"keyphrases":{"focus":{"keyphrase":"","score":0,"analysis":{"keyphraseInTitle":{"score":0,"maxScore":9,"error":1}}},"additional":[]},"primary_term":null,"canonical_url":null,"og_title":null,"og_description":null,"og_object_type":"default","og_image_type":"default","og_image_url":null,"og_image_width":null,"og_image_height":null,"og_image_custom_url":null,"og_image_custom_fields":null,"og_video":"","og_custom_url":null,"og_article_section":null,"og_article_tags":null,"twitter_use_og":false,"twitter_card":"default","twitter_image_type":"default","twitter_image_url":null,"twitter_image_custom_url":null,"twitter_image_custom_fields":null,"twitter_title":null,"twitter_description":null,"schema":{"blockGraphs":[],"customGraphs":[],"default":{"data":{"Article":[],"Course":[],"Dataset":[],"FAQPage":[],"Movie":[],"Person":[],"Product":[],"ProductReview":[],"Car":[],"Recipe":[],"Service":[],"SoftwareApplication":[],"WebPage":[]},"graphName":"BlogPosting","isEnabled":true},"graphs":[]},"schema_type":"default","schema_type_options":null,"pillar_content":false,"robots_default":true,"robots_noindex":false,"robots_noarchive":false,"robots_nosnippet":false,"robots_nofollow":false,"robots_noimageindex":false,"robots_noodp":false,"robots_notranslate":false,"robots_max_snippet":"-1","robots_max_videopreview":"-1","robots_max_imagepreview":"large","priority":null,"frequency":"default","local_seo":null,"breadcrumb_settings":null,"limit_modified_date":false,"ai":null,"created":"2024-11-20 07:34:14","updated":"2025-10-24 13:06:12","seo_analyzer_scan_date":null,"focus_keyword":null,"additional_keywords":null,"truseo_locale":null},"aioseo_breadcrumb":"<div class=\"aioseo-breadcrumbs\"><span class=\"aioseo-breadcrumb\">\n\t\t\t<a href=\"https:\/\/www.immo-invest.ch\/en\/\" title=\"Home\">Home<\/a>\n\t\t<\/span><span class=\"aioseo-breadcrumb-separator\">&raquo;<\/span><span class=\"aioseo-breadcrumb\">\n\t\t\t<a href=\"https:\/\/www.immo-invest.ch\/en\/category\/regions-en\/\" title=\"Regions\">Regions<\/a>\n\t\t<\/span><span class=\"aioseo-breadcrumb-separator\">&raquo;<\/span><span class=\"aioseo-breadcrumb\">\n\t\t\t<a href=\"https:\/\/www.immo-invest.ch\/en\/category\/regions-en\/switzerland\/\" title=\"Switzerland\">Switzerland<\/a>\n\t\t<\/span><span class=\"aioseo-breadcrumb-separator\">&raquo;<\/span><span class=\"aioseo-breadcrumb\">\n\t\t\t<a href=\"https:\/\/www.immo-invest.ch\/en\/category\/regions-en\/switzerland\/region-zurich-en\/\" title=\"Zurich\">Zurich<\/a>\n\t\t<\/span><span class=\"aioseo-breadcrumb-separator\">&raquo;<\/span><span class=\"aioseo-breadcrumb\">\n\t\t\tField test started for vertical wind turbine in Br\u00fctten\n\t\t<\/span><\/div>","aioseo_breadcrumb_json":[{"label":"Home","link":"https:\/\/www.immo-invest.ch\/en\/"},{"label":"Regions","link":"https:\/\/www.immo-invest.ch\/en\/category\/regions-en\/"},{"label":"Switzerland","link":"https:\/\/www.immo-invest.ch\/en\/category\/regions-en\/switzerland\/"},{"label":"Zurich","link":"https:\/\/www.immo-invest.ch\/en\/category\/regions-en\/switzerland\/region-zurich-en\/"},{"label":"Field test started for vertical wind turbine in Br\u00fctten","link":"https:\/\/www.immo-invest.ch\/en\/feldtest-fuer-vertikale-windturbine-in-bruetten-gestartet\/"}],"featured_image_src":"https:\/\/www.immo-invest.ch\/wp-content\/uploads\/2024\/11\/Unbenannt-7-336x168.png","_links":{"self":[{"href":"https:\/\/www.immo-invest.ch\/en\/wp-json\/wp\/v2\/posts\/119783","targetHints":{"allow":["GET"]}}],"collection":[{"href":"https:\/\/www.immo-invest.ch\/en\/wp-json\/wp\/v2\/posts"}],"about":[{"href":"https:\/\/www.immo-invest.ch\/en\/wp-json\/wp\/v2\/types\/post"}],"author":[{"embeddable":true,"href":"https:\/\/www.immo-invest.ch\/en\/wp-json\/wp\/v2\/users\/2"}],"replies":[{"embeddable":true,"href":"https:\/\/www.immo-invest.ch\/en\/wp-json\/wp\/v2\/comments?post=119783"}],"version-history":[{"count":0,"href":"https:\/\/www.immo-invest.ch\/en\/wp-json\/wp\/v2\/posts\/119783\/revisions"}],"wp:featuredmedia":[{"embeddable":true,"href":"https:\/\/www.immo-invest.ch\/en\/wp-json\/wp\/v2\/media\/119778"}],"wp:attachment":[{"href":"https:\/\/www.immo-invest.ch\/en\/wp-json\/wp\/v2\/media?parent=119783"}],"wp:term":[{"taxonomy":"category","embeddable":true,"href":"https:\/\/www.immo-invest.ch\/en\/wp-json\/wp\/v2\/categories?post=119783"},{"taxonomy":"post_tag","embeddable":true,"href":"https:\/\/www.immo-invest.ch\/en\/wp-json\/wp\/v2\/tags?post=119783"}],"curies":[{"name":"wp","href":"https:\/\/api.w.org\/{rel}","templated":true}]}}