{"id":113443,"date":"2024-09-06T14:45:04","date_gmt":"2024-09-06T12:45:04","guid":{"rendered":"https:\/\/www.immo-invest.ch\/?p=113443"},"modified":"2024-09-06T14:52:08","modified_gmt":"2024-09-06T12:52:08","slug":"energiegewinnung-und-kuehlung-fassaden-im-fokus-der-forschung","status":"publish","type":"post","link":"https:\/\/www.immo-invest.ch\/en\/energiegewinnung-und-kuehlung-fassaden-im-fokus-der-forschung\/","title":{"rendered":"Energy generation and cooling: fa\u00e7ades at the centre of research"},"content":{"rendered":"<p class=\"bodytext\"><a href=\"https:\/\/www.hslu.ch\/de-ch\/\" target=\"_blank\" rel=\"noopener\">HSLU<\/a> researchers have explored the potential for greenery and solar panels on building fa&ccedil;ades in the <a href=\"https:\/\/www.hslu.ch\/de-ch\/hochschule-luzern\/forschung\/projekte\/detail\/?pid=6035\" target=\"_blank\" rel=\"noopener\">GreenPV<\/a> project. &ldquo;While the benefits of PV systems and greenery are already being increasingly utilised on roofs, they have largely not been used on fa&ccedil;ades to date,&rdquo; HSLU researcher Silvia Domingo is quoted as saying in a <a href=\"https:\/\/www.hslu.ch\/de-ch\/hochschule-luzern\/ueber-uns\/medien\/medienmitteilungen\/2024\/08\/30\/greenpv\/\" target=\"_blank\" rel=\"noopener\">press release<\/a> issued by the university about the project. However, they could contribute to closing the gap in winter electricity, among other things. This is because &ldquo;the energy yield of a PV system is higher on a south-facing fa&ccedil;ade in the winter months than on a roof due to the low angle of inclination of the sun caused by the season&rdquo;, explains Domingo.<\/p>\n<p class=\"bodytext\">In addition to their cooling effect, green fa&ccedil;ades also contribute to biodiversity and the reduction of sound propagation. Air quality is also improved through the binding of pollutants and the production of oxygen. According to the HSLU researchers, greenery and photovoltaics (PV) can be combined well on fa&ccedil;ades. &ldquo;PV comes into its own where a high level of energy generation is possible, i.e. on an unshaded fa&ccedil;ade on the upper floors,&rdquo; says Domingo. Greenery, on the other hand, should be installed on the lower storeys and in inner courtyards.<\/p>\n<p class=\"bodytext\">The authors have identified financing and a lack of guidelines and experience as obstacles for building owners. The appearance of a fa&ccedil;ade completely clad in black solar panels is also not to everyone&rsquo;s taste. For this reason, the HSLU has already tested alternative colours and textures in <a href=\"https:\/\/news.hslu.ch\/farbige-solarpanels\/\" target=\"_blank\" rel=\"noopener\">another project<\/a>.<\/p>\n","protected":false},"excerpt":{"rendered":"<p>Lucerne University of Applied Sciences and Arts (HSLU) has analysed the potential for greenery and solar panels on building facades. According to the corresponding study and statements by researcher Silvia Domingo, the two can be combined well. The reservations of building owners are also taken into account.<\/p>\n","protected":false},"author":2,"featured_media":113150,"comment_status":"open","ping_status":"open","sticky":false,"template":"","format":"standard","meta":{"pmpro_default_level":"","inline_featured_image":false,"_monsterinsights_skip_tracking":false,"footnotes":""},"categories":[12482,12476,22698,22433],"tags":[38310,40232,15153,49408,12525,12526,12847,12529,41086],"class_list":["post-113443","post","type-post","status-publish","format-standard","has-post-thumbnail","hentry","category-energy","category-immonews","category-sustainability","category-trends-en","tag-begruenung-en","tag-erneuerbare-energien-en","tag-fassaden-en","tag-gebaeudeeffizienz-en","tag-immoinvest-en","tag-immonews-en","tag-nachhaltigkeit-en","tag-photovoltaik-en","tag-winterstrom-en","pmpro-has-access"],"acf":{"bild_mit_ki_erstellt_worden":[],"lead":"Lucerne University of Applied Sciences and Arts (HSLU) has analysed the potential for greenery and solar panels on building facades. According to the corresponding study and statements by researcher Silvia Domingo, the two can be combined well. The reservations of building owners are also taken into account.","autor":"ce\/hs","ort":"Luzern","bildunterschrift":"","bild_im_grid":false,"gallerie":"","newsim":""},"aioseo_notices":[],"aioseo_head":"\n\t\t<!-- All in One SEO 5.0.1.1 - aioseo.com -->\n\t<meta name=\"description\" content=\"Lucerne University of Applied Sciences and Arts (HSLU) has analysed the potential for greenery and solar panels on building facades. According to the corresponding study and statements by researcher Silvia Domingo, the two can be combined well. The reservations of building owners are also taken into account.\" \/>\n\t<meta name=\"robots\" content=\"max-image-preview:large\" \/>\n\t<meta name=\"author\" content=\"immovestuser\"\/>\n\t<meta name=\"google-site-verification\" content=\"fHJKvgWpZCR2zVBHWfkQeFXC11qieUSff0HGNYfuyLA\" \/>\n\t<link rel=\"canonical\" href=\"https:\/\/www.immo-invest.ch\/en\/energiegewinnung-und-kuehlung-fassaden-im-fokus-der-forschung\/\" \/>\n\t<meta name=\"generator\" content=\"All in One SEO (AIOSEO) 5.0.1.1\" \/>\n\t\t<meta property=\"og:locale\" content=\"en_US\" \/>\n\t\t<meta property=\"og:site_name\" content=\"immo!nvest - Die Plattform f\u00fcr Standorte und Immobilien - Die\u00a0Plattform f\u00fcr Standorte und Immobilien\" \/>\n\t\t<meta property=\"og:type\" content=\"article\" \/>\n\t\t<meta property=\"og:title\" content=\"Energy generation and cooling: fa\u00e7ades at the centre of research - immo!nvest - Die Plattform f\u00fcr Standorte und Immobilien\" \/>\n\t\t<meta property=\"og:description\" content=\"Lucerne University of Applied Sciences and Arts (HSLU) has analysed the potential for greenery and solar panels on building facades. According to the corresponding study and statements by researcher Silvia Domingo, the two can be combined well. The reservations of building owners are also taken into account.\" \/>\n\t\t<meta property=\"og:url\" content=\"https:\/\/www.immo-invest.ch\/en\/energiegewinnung-und-kuehlung-fassaden-im-fokus-der-forschung\/\" \/>\n\t\t<meta property=\"og:image\" content=\"https:\/\/www.immo-invest.ch\/wp-content\/uploads\/2024\/09\/gruen_urban_Pflanzen_Wohnung-scaled-e1725355614409.jpg\" \/>\n\t\t<meta property=\"og:image:secure_url\" content=\"https:\/\/www.immo-invest.ch\/wp-content\/uploads\/2024\/09\/gruen_urban_Pflanzen_Wohnung-scaled-e1725355614409.jpg\" \/>\n\t\t<meta property=\"og:image:width\" content=\"1706\" \/>\n\t\t<meta property=\"og:image:height\" content=\"2560\" \/>\n\t\t<meta property=\"article:published_time\" content=\"2024-09-06T12:45:04+00:00\" \/>\n\t\t<meta property=\"article:modified_time\" content=\"2024-09-06T12:52:08+00:00\" \/>\n\t\t<meta property=\"article:publisher\" content=\"https:\/\/www.facebook.com\/people\/Immoinvest\/100077962920504\/\" \/>\n\t\t<meta name=\"twitter:card\" content=\"summary_large_image\" \/>\n\t\t<meta name=\"twitter:site\" content=\"@i\" \/>\n\t\t<meta name=\"twitter:title\" content=\"Energy generation and cooling: fa\u00e7ades at the centre of research - immo!nvest - Die Plattform f\u00fcr Standorte und Immobilien\" \/>\n\t\t<meta name=\"twitter:description\" content=\"Lucerne University of Applied Sciences and Arts (HSLU) has analysed the potential for greenery and solar panels on building facades. According to the corresponding study and statements by researcher Silvia Domingo, the two can be combined well. The reservations of building owners are also taken into account.\" \/>\n\t\t<meta name=\"twitter:creator\" content=\"@i\" \/>\n\t\t<meta name=\"twitter:image\" content=\"https:\/\/www.immo-invest.ch\/wp-content\/uploads\/2024\/09\/gruen_urban_Pflanzen_Wohnung-scaled-e1725355614409.jpg\" \/>\n\t\t<script type=\"application\/ld+json\" class=\"aioseo-schema\">\n\t\t\t{\"@context\":\"https:\\\/\\\/schema.org\",\"@graph\":[{\"@type\":\"BlogPosting\",\"@id\":\"https:\\\/\\\/www.immo-invest.ch\\\/en\\\/energiegewinnung-und-kuehlung-fassaden-im-fokus-der-forschung\\\/#blogposting\",\"name\":\"Energy generation and cooling: fa\\u00e7ades at the centre of research - immo!nvest - Die Plattform f\\u00fcr Standorte und Immobilien\",\"headline\":\"Energy generation and cooling: fa\\u00e7ades at the centre of research\",\"author\":{\"@id\":\"https:\\\/\\\/www.immo-invest.ch\\\/en\\\/author\\\/immovestuser\\\/#author\"},\"publisher\":{\"@id\":\"https:\\\/\\\/www.immo-invest.ch\\\/en\\\/#organization\"},\"image\":{\"@type\":\"ImageObject\",\"url\":\"https:\\\/\\\/www.immo-invest.ch\\\/wp-content\\\/uploads\\\/2024\\\/09\\\/gruen_urban_Pflanzen_Wohnung-scaled-e1725355614409.jpg\",\"width\":1706,\"height\":2560},\"datePublished\":\"2024-09-06T14:45:04+02:00\",\"dateModified\":\"2024-09-06T14:52:08+02:00\",\"inLanguage\":\"en-US\",\"mainEntityOfPage\":{\"@id\":\"https:\\\/\\\/www.immo-invest.ch\\\/en\\\/energiegewinnung-und-kuehlung-fassaden-im-fokus-der-forschung\\\/#webpage\"},\"isPartOf\":{\"@id\":\"https:\\\/\\\/www.immo-invest.ch\\\/en\\\/energiegewinnung-und-kuehlung-fassaden-im-fokus-der-forschung\\\/#webpage\"},\"articleSection\":\"Energy, immoNews, Sustainability, Trends, Begr\\u00fcnung, Erneuerbare Energien, Fassaden, Geb\\u00e4udeeffizienz, Immoinvest, immoNews, Nachhaltigkeit, Photovoltaik, Winterstrom, Optional\"},{\"@type\":\"BreadcrumbList\",\"@id\":\"https:\\\/\\\/www.immo-invest.ch\\\/en\\\/energiegewinnung-und-kuehlung-fassaden-im-fokus-der-forschung\\\/#breadcrumblist\",\"itemListElement\":[{\"@type\":\"ListItem\",\"@id\":\"https:\\\/\\\/www.immo-invest.ch\\\/en\\\/#listItem\",\"position\":1,\"name\":\"Home\",\"item\":\"https:\\\/\\\/www.immo-invest.ch\\\/en\\\/\",\"nextItem\":{\"@type\":\"ListItem\",\"@id\":\"https:\\\/\\\/www.immo-invest.ch\\\/en\\\/category\\\/trends-en\\\/#listItem\",\"name\":\"Trends\"}},{\"@type\":\"ListItem\",\"@id\":\"https:\\\/\\\/www.immo-invest.ch\\\/en\\\/category\\\/trends-en\\\/#listItem\",\"position\":2,\"name\":\"Trends\",\"item\":\"https:\\\/\\\/www.immo-invest.ch\\\/en\\\/category\\\/trends-en\\\/\",\"nextItem\":{\"@type\":\"ListItem\",\"@id\":\"https:\\\/\\\/www.immo-invest.ch\\\/en\\\/category\\\/trends-en\\\/sustainability\\\/#listItem\",\"name\":\"Sustainability\"},\"previousItem\":{\"@type\":\"ListItem\",\"@id\":\"https:\\\/\\\/www.immo-invest.ch\\\/en\\\/#listItem\",\"name\":\"Home\"}},{\"@type\":\"ListItem\",\"@id\":\"https:\\\/\\\/www.immo-invest.ch\\\/en\\\/category\\\/trends-en\\\/sustainability\\\/#listItem\",\"position\":3,\"name\":\"Sustainability\",\"item\":\"https:\\\/\\\/www.immo-invest.ch\\\/en\\\/category\\\/trends-en\\\/sustainability\\\/\",\"nextItem\":{\"@type\":\"ListItem\",\"@id\":\"https:\\\/\\\/www.immo-invest.ch\\\/en\\\/energiegewinnung-und-kuehlung-fassaden-im-fokus-der-forschung\\\/#listItem\",\"name\":\"Energy generation and cooling: fa\\u00e7ades at the centre of research\"},\"previousItem\":{\"@type\":\"ListItem\",\"@id\":\"https:\\\/\\\/www.immo-invest.ch\\\/en\\\/category\\\/trends-en\\\/#listItem\",\"name\":\"Trends\"}},{\"@type\":\"ListItem\",\"@id\":\"https:\\\/\\\/www.immo-invest.ch\\\/en\\\/energiegewinnung-und-kuehlung-fassaden-im-fokus-der-forschung\\\/#listItem\",\"position\":4,\"name\":\"Energy generation and cooling: fa\\u00e7ades at the centre of research\",\"previousItem\":{\"@type\":\"ListItem\",\"@id\":\"https:\\\/\\\/www.immo-invest.ch\\\/en\\\/category\\\/trends-en\\\/sustainability\\\/#listItem\",\"name\":\"Sustainability\"}}]},{\"@type\":\"Organization\",\"@id\":\"https:\\\/\\\/www.immo-invest.ch\\\/en\\\/#organization\",\"name\":\"immo!nvest - Die Plattform f\\u00fcr Standorte und Immobilien\",\"description\":\"Die\\u00a0Plattform f\\u00fcr Standorte und Immobilien\",\"url\":\"https:\\\/\\\/www.immo-invest.ch\\\/en\\\/\",\"email\":\"admin@immomedia.ag\",\"telephone\":\"+41444420002\",\"logo\":{\"@type\":\"ImageObject\",\"url\":\"https:\\\/\\\/www.immo-invest.ch\\\/wp-content\\\/uploads\\\/2024\\\/09\\\/immoinvest_sm-scaled.jpg\",\"@id\":\"https:\\\/\\\/www.immo-invest.ch\\\/en\\\/energiegewinnung-und-kuehlung-fassaden-im-fokus-der-forschung\\\/#organizationLogo\",\"width\":2560,\"height\":1340},\"image\":{\"@id\":\"https:\\\/\\\/www.immo-invest.ch\\\/en\\\/energiegewinnung-und-kuehlung-fassaden-im-fokus-der-forschung\\\/#organizationLogo\"},\"sameAs\":[\"https:\\\/\\\/www.facebook.com\\\/people\\\/Immoinvest\\\/100077962920504\\\/\",\"https:\\\/\\\/x.com\\\/i\\\/flow\\\/login?redirect_after_login=immoinvest_ch\",\"https:\\\/\\\/www.instagram.com\\\/immoinvest_ch\\\/\",\"https:\\\/\\\/www.linkedin.com\\\/company\\\/immoinvest-swiss\"]},{\"@type\":\"Person\",\"@id\":\"https:\\\/\\\/www.immo-invest.ch\\\/en\\\/author\\\/immovestuser\\\/#author\",\"url\":\"https:\\\/\\\/www.immo-invest.ch\\\/en\\\/author\\\/immovestuser\\\/\",\"name\":\"immovestuser\",\"image\":{\"@type\":\"ImageObject\",\"@id\":\"https:\\\/\\\/www.immo-invest.ch\\\/en\\\/energiegewinnung-und-kuehlung-fassaden-im-fokus-der-forschung\\\/#authorImage\",\"url\":\"https:\\\/\\\/secure.gravatar.com\\\/avatar\\\/8e01f4d99f2eeea7a362ebb93305e1172a70e9293ba250f897a65c39f54cdd1e?s=96&d=mm&r=g\",\"width\":96,\"height\":96,\"caption\":\"immovestuser\"}},{\"@type\":\"WebPage\",\"@id\":\"https:\\\/\\\/www.immo-invest.ch\\\/en\\\/energiegewinnung-und-kuehlung-fassaden-im-fokus-der-forschung\\\/#webpage\",\"url\":\"https:\\\/\\\/www.immo-invest.ch\\\/en\\\/energiegewinnung-und-kuehlung-fassaden-im-fokus-der-forschung\\\/\",\"name\":\"Energy generation and cooling: fa\\u00e7ades at the centre of research - immo!nvest - Die Plattform f\\u00fcr Standorte und Immobilien\",\"description\":\"Lucerne University of Applied Sciences and Arts (HSLU) has analysed the potential for greenery and solar panels on building facades. According to the corresponding study and statements by researcher Silvia Domingo, the two can be combined well. The reservations of building owners are also taken into account.\",\"inLanguage\":\"en-US\",\"isPartOf\":{\"@id\":\"https:\\\/\\\/www.immo-invest.ch\\\/en\\\/#website\"},\"breadcrumb\":{\"@id\":\"https:\\\/\\\/www.immo-invest.ch\\\/en\\\/energiegewinnung-und-kuehlung-fassaden-im-fokus-der-forschung\\\/#breadcrumblist\"},\"author\":{\"@id\":\"https:\\\/\\\/www.immo-invest.ch\\\/en\\\/author\\\/immovestuser\\\/#author\"},\"creator\":{\"@id\":\"https:\\\/\\\/www.immo-invest.ch\\\/en\\\/author\\\/immovestuser\\\/#author\"},\"image\":{\"@type\":\"ImageObject\",\"url\":\"https:\\\/\\\/www.immo-invest.ch\\\/wp-content\\\/uploads\\\/2024\\\/09\\\/gruen_urban_Pflanzen_Wohnung-scaled-e1725355614409.jpg\",\"@id\":\"https:\\\/\\\/www.immo-invest.ch\\\/en\\\/energiegewinnung-und-kuehlung-fassaden-im-fokus-der-forschung\\\/#mainImage\",\"width\":1706,\"height\":2560},\"primaryImageOfPage\":{\"@id\":\"https:\\\/\\\/www.immo-invest.ch\\\/en\\\/energiegewinnung-und-kuehlung-fassaden-im-fokus-der-forschung\\\/#mainImage\"},\"datePublished\":\"2024-09-06T14:45:04+02:00\",\"dateModified\":\"2024-09-06T14:52:08+02:00\"},{\"@type\":\"WebSite\",\"@id\":\"https:\\\/\\\/www.immo-invest.ch\\\/en\\\/#website\",\"url\":\"https:\\\/\\\/www.immo-invest.ch\\\/en\\\/\",\"name\":\"immo!nvest - Die Plattform f\\u00fcr Standorte und Immobilien\",\"description\":\"Die\\u00a0Plattform f\\u00fcr Standorte und Immobilien\",\"inLanguage\":\"en-US\",\"publisher\":{\"@id\":\"https:\\\/\\\/www.immo-invest.ch\\\/en\\\/#organization\"}}]}\n\t\t<\/script>\n\t\t<!-- All in One SEO -->\n\n","aioseo_head_json":{"title":"Energy generation and cooling: fa\u00e7ades at the centre of research - immo!nvest - Die Plattform f\u00fcr Standorte und Immobilien","description":"Lucerne University of Applied Sciences and Arts (HSLU) has analysed the potential for greenery and solar panels on building facades. According to the corresponding study and statements by researcher Silvia Domingo, the two can be combined well. The reservations of building owners are also taken into account.","canonical_url":"https:\/\/www.immo-invest.ch\/en\/energiegewinnung-und-kuehlung-fassaden-im-fokus-der-forschung\/","robots":"max-image-preview:large","keywords":"","webmasterTools":{"google-site-verification":"fHJKvgWpZCR2zVBHWfkQeFXC11qieUSff0HGNYfuyLA","miscellaneous":""},"schema":{"@context":"https:\/\/schema.org","@graph":[{"@type":"BlogPosting","@id":"https:\/\/www.immo-invest.ch\/en\/energiegewinnung-und-kuehlung-fassaden-im-fokus-der-forschung\/#blogposting","name":"Energy generation and cooling: fa\u00e7ades at the centre of research - immo!nvest - Die Plattform f\u00fcr Standorte und Immobilien","headline":"Energy generation and cooling: fa\u00e7ades at the centre of research","author":{"@id":"https:\/\/www.immo-invest.ch\/en\/author\/immovestuser\/#author"},"publisher":{"@id":"https:\/\/www.immo-invest.ch\/en\/#organization"},"image":{"@type":"ImageObject","url":"https:\/\/www.immo-invest.ch\/wp-content\/uploads\/2024\/09\/gruen_urban_Pflanzen_Wohnung-scaled-e1725355614409.jpg","width":1706,"height":2560},"datePublished":"2024-09-06T14:45:04+02:00","dateModified":"2024-09-06T14:52:08+02:00","inLanguage":"en-US","mainEntityOfPage":{"@id":"https:\/\/www.immo-invest.ch\/en\/energiegewinnung-und-kuehlung-fassaden-im-fokus-der-forschung\/#webpage"},"isPartOf":{"@id":"https:\/\/www.immo-invest.ch\/en\/energiegewinnung-und-kuehlung-fassaden-im-fokus-der-forschung\/#webpage"},"articleSection":"Energy, immoNews, Sustainability, Trends, Begr\u00fcnung, Erneuerbare Energien, Fassaden, Geb\u00e4udeeffizienz, Immoinvest, immoNews, Nachhaltigkeit, Photovoltaik, Winterstrom, Optional"},{"@type":"BreadcrumbList","@id":"https:\/\/www.immo-invest.ch\/en\/energiegewinnung-und-kuehlung-fassaden-im-fokus-der-forschung\/#breadcrumblist","itemListElement":[{"@type":"ListItem","@id":"https:\/\/www.immo-invest.ch\/en\/#listItem","position":1,"name":"Home","item":"https:\/\/www.immo-invest.ch\/en\/","nextItem":{"@type":"ListItem","@id":"https:\/\/www.immo-invest.ch\/en\/category\/trends-en\/#listItem","name":"Trends"}},{"@type":"ListItem","@id":"https:\/\/www.immo-invest.ch\/en\/category\/trends-en\/#listItem","position":2,"name":"Trends","item":"https:\/\/www.immo-invest.ch\/en\/category\/trends-en\/","nextItem":{"@type":"ListItem","@id":"https:\/\/www.immo-invest.ch\/en\/category\/trends-en\/sustainability\/#listItem","name":"Sustainability"},"previousItem":{"@type":"ListItem","@id":"https:\/\/www.immo-invest.ch\/en\/#listItem","name":"Home"}},{"@type":"ListItem","@id":"https:\/\/www.immo-invest.ch\/en\/category\/trends-en\/sustainability\/#listItem","position":3,"name":"Sustainability","item":"https:\/\/www.immo-invest.ch\/en\/category\/trends-en\/sustainability\/","nextItem":{"@type":"ListItem","@id":"https:\/\/www.immo-invest.ch\/en\/energiegewinnung-und-kuehlung-fassaden-im-fokus-der-forschung\/#listItem","name":"Energy generation and cooling: fa\u00e7ades at the centre of research"},"previousItem":{"@type":"ListItem","@id":"https:\/\/www.immo-invest.ch\/en\/category\/trends-en\/#listItem","name":"Trends"}},{"@type":"ListItem","@id":"https:\/\/www.immo-invest.ch\/en\/energiegewinnung-und-kuehlung-fassaden-im-fokus-der-forschung\/#listItem","position":4,"name":"Energy generation and cooling: fa\u00e7ades at the centre of research","previousItem":{"@type":"ListItem","@id":"https:\/\/www.immo-invest.ch\/en\/category\/trends-en\/sustainability\/#listItem","name":"Sustainability"}}]},{"@type":"Organization","@id":"https:\/\/www.immo-invest.ch\/en\/#organization","name":"immo!nvest - Die Plattform f\u00fcr Standorte und Immobilien","description":"Die\u00a0Plattform f\u00fcr Standorte und Immobilien","url":"https:\/\/www.immo-invest.ch\/en\/","email":"admin@immomedia.ag","telephone":"+41444420002","logo":{"@type":"ImageObject","url":"https:\/\/www.immo-invest.ch\/wp-content\/uploads\/2024\/09\/immoinvest_sm-scaled.jpg","@id":"https:\/\/www.immo-invest.ch\/en\/energiegewinnung-und-kuehlung-fassaden-im-fokus-der-forschung\/#organizationLogo","width":2560,"height":1340},"image":{"@id":"https:\/\/www.immo-invest.ch\/en\/energiegewinnung-und-kuehlung-fassaden-im-fokus-der-forschung\/#organizationLogo"},"sameAs":["https:\/\/www.facebook.com\/people\/Immoinvest\/100077962920504\/","https:\/\/x.com\/i\/flow\/login?redirect_after_login=immoinvest_ch","https:\/\/www.instagram.com\/immoinvest_ch\/","https:\/\/www.linkedin.com\/company\/immoinvest-swiss"]},{"@type":"Person","@id":"https:\/\/www.immo-invest.ch\/en\/author\/immovestuser\/#author","url":"https:\/\/www.immo-invest.ch\/en\/author\/immovestuser\/","name":"immovestuser","image":{"@type":"ImageObject","@id":"https:\/\/www.immo-invest.ch\/en\/energiegewinnung-und-kuehlung-fassaden-im-fokus-der-forschung\/#authorImage","url":"https:\/\/secure.gravatar.com\/avatar\/8e01f4d99f2eeea7a362ebb93305e1172a70e9293ba250f897a65c39f54cdd1e?s=96&d=mm&r=g","width":96,"height":96,"caption":"immovestuser"}},{"@type":"WebPage","@id":"https:\/\/www.immo-invest.ch\/en\/energiegewinnung-und-kuehlung-fassaden-im-fokus-der-forschung\/#webpage","url":"https:\/\/www.immo-invest.ch\/en\/energiegewinnung-und-kuehlung-fassaden-im-fokus-der-forschung\/","name":"Energy generation and cooling: fa\u00e7ades at the centre of research - immo!nvest - Die Plattform f\u00fcr Standorte und Immobilien","description":"Lucerne University of Applied Sciences and Arts (HSLU) has analysed the potential for greenery and solar panels on building facades. According to the corresponding study and statements by researcher Silvia Domingo, the two can be combined well. The reservations of building owners are also taken into account.","inLanguage":"en-US","isPartOf":{"@id":"https:\/\/www.immo-invest.ch\/en\/#website"},"breadcrumb":{"@id":"https:\/\/www.immo-invest.ch\/en\/energiegewinnung-und-kuehlung-fassaden-im-fokus-der-forschung\/#breadcrumblist"},"author":{"@id":"https:\/\/www.immo-invest.ch\/en\/author\/immovestuser\/#author"},"creator":{"@id":"https:\/\/www.immo-invest.ch\/en\/author\/immovestuser\/#author"},"image":{"@type":"ImageObject","url":"https:\/\/www.immo-invest.ch\/wp-content\/uploads\/2024\/09\/gruen_urban_Pflanzen_Wohnung-scaled-e1725355614409.jpg","@id":"https:\/\/www.immo-invest.ch\/en\/energiegewinnung-und-kuehlung-fassaden-im-fokus-der-forschung\/#mainImage","width":1706,"height":2560},"primaryImageOfPage":{"@id":"https:\/\/www.immo-invest.ch\/en\/energiegewinnung-und-kuehlung-fassaden-im-fokus-der-forschung\/#mainImage"},"datePublished":"2024-09-06T14:45:04+02:00","dateModified":"2024-09-06T14:52:08+02:00"},{"@type":"WebSite","@id":"https:\/\/www.immo-invest.ch\/en\/#website","url":"https:\/\/www.immo-invest.ch\/en\/","name":"immo!nvest - Die Plattform f\u00fcr Standorte und Immobilien","description":"Die\u00a0Plattform f\u00fcr Standorte und Immobilien","inLanguage":"en-US","publisher":{"@id":"https:\/\/www.immo-invest.ch\/en\/#organization"}}]},"og:locale":"en_US","og:site_name":"immo!nvest - Die Plattform f\u00fcr Standorte und Immobilien - Die\u00a0Plattform f\u00fcr Standorte und Immobilien","og:type":"article","og:title":"Energy generation and cooling: fa\u00e7ades at the centre of research - immo!nvest - Die Plattform f\u00fcr Standorte und Immobilien","og:description":"Lucerne University of Applied Sciences and Arts (HSLU) has analysed the potential for greenery and solar panels on building facades. According to the corresponding study and statements by researcher Silvia Domingo, the two can be combined well. The reservations of building owners are also taken into account.","og:url":"https:\/\/www.immo-invest.ch\/en\/energiegewinnung-und-kuehlung-fassaden-im-fokus-der-forschung\/","og:image":"https:\/\/www.immo-invest.ch\/wp-content\/uploads\/2024\/09\/gruen_urban_Pflanzen_Wohnung-scaled-e1725355614409.jpg","og:image:secure_url":"https:\/\/www.immo-invest.ch\/wp-content\/uploads\/2024\/09\/gruen_urban_Pflanzen_Wohnung-scaled-e1725355614409.jpg","og:image:width":1706,"og:image:height":2560,"article:published_time":"2024-09-06T12:45:04+00:00","article:modified_time":"2024-09-06T12:52:08+00:00","article:publisher":"https:\/\/www.facebook.com\/people\/Immoinvest\/100077962920504\/","twitter:card":"summary_large_image","twitter:site":"@i","twitter:title":"Energy generation and cooling: fa\u00e7ades at the centre of research - immo!nvest - Die Plattform f\u00fcr Standorte und Immobilien","twitter:description":"Lucerne University of Applied Sciences and Arts (HSLU) has analysed the potential for greenery and solar panels on building facades. According to the corresponding study and statements by researcher Silvia Domingo, the two can be combined well. The reservations of building owners are also taken into account.","twitter:creator":"@i","twitter:image":"https:\/\/www.immo-invest.ch\/wp-content\/uploads\/2024\/09\/gruen_urban_Pflanzen_Wohnung-scaled-e1725355614409.jpg"},"aioseo_meta_data":{"post_id":"113443","title":null,"description":null,"keywords":null,"keyphrases":null,"primary_term":null,"canonical_url":null,"og_title":null,"og_description":null,"og_object_type":"default","og_image_type":"default","og_image_url":null,"og_image_width":null,"og_image_height":null,"og_image_custom_url":null,"og_image_custom_fields":null,"og_video":null,"og_custom_url":null,"og_article_section":null,"og_article_tags":null,"twitter_use_og":false,"twitter_card":"default","twitter_image_type":"default","twitter_image_url":null,"twitter_image_custom_url":null,"twitter_image_custom_fields":null,"twitter_title":null,"twitter_description":null,"schema":{"blockGraphs":[],"customGraphs":[],"default":{"data":{"Article":[],"Course":[],"Dataset":[],"FAQPage":[],"Movie":[],"Person":[],"Product":[],"ProductReview":[],"Car":[],"Recipe":[],"Service":[],"SoftwareApplication":[],"WebPage":[]},"graphName":"","isEnabled":true},"graphs":[]},"schema_type":"default","schema_type_options":null,"pillar_content":false,"robots_default":true,"robots_noindex":false,"robots_noarchive":false,"robots_nosnippet":false,"robots_nofollow":false,"robots_noimageindex":false,"robots_noodp":false,"robots_notranslate":false,"robots_max_snippet":null,"robots_max_videopreview":null,"robots_max_imagepreview":"large","priority":null,"frequency":null,"local_seo":null,"breadcrumb_settings":null,"limit_modified_date":false,"ai":null,"created":"2024-09-21 02:04:01","updated":"2025-10-24 09:06:27","seo_analyzer_scan_date":null,"focus_keyword":null,"additional_keywords":null,"truseo_locale":null},"aioseo_breadcrumb":"<div class=\"aioseo-breadcrumbs\"><span class=\"aioseo-breadcrumb\">\n\t\t\t<a href=\"https:\/\/www.immo-invest.ch\/en\/\" title=\"Home\">Home<\/a>\n\t\t<\/span><span class=\"aioseo-breadcrumb-separator\">&raquo;<\/span><span class=\"aioseo-breadcrumb\">\n\t\t\t<a href=\"https:\/\/www.immo-invest.ch\/en\/category\/trends-en\/\" title=\"Trends\">Trends<\/a>\n\t\t<\/span><span class=\"aioseo-breadcrumb-separator\">&raquo;<\/span><span class=\"aioseo-breadcrumb\">\n\t\t\t<a href=\"https:\/\/www.immo-invest.ch\/en\/category\/trends-en\/sustainability\/\" title=\"Sustainability\">Sustainability<\/a>\n\t\t<\/span><span class=\"aioseo-breadcrumb-separator\">&raquo;<\/span><span class=\"aioseo-breadcrumb\">\n\t\t\tEnergy generation and cooling: fa\u00e7ades at the centre of research\n\t\t<\/span><\/div>","aioseo_breadcrumb_json":[{"label":"Home","link":"https:\/\/www.immo-invest.ch\/en\/"},{"label":"Trends","link":"https:\/\/www.immo-invest.ch\/en\/category\/trends-en\/"},{"label":"Sustainability","link":"https:\/\/www.immo-invest.ch\/en\/category\/trends-en\/sustainability\/"},{"label":"Energy generation and cooling: fa\u00e7ades at the centre of research","link":"https:\/\/www.immo-invest.ch\/en\/energiegewinnung-und-kuehlung-fassaden-im-fokus-der-forschung\/"}],"featured_image_src":"https:\/\/www.immo-invest.ch\/wp-content\/uploads\/2024\/09\/gruen_urban_Pflanzen_Wohnung-336x168.jpg","_links":{"self":[{"href":"https:\/\/www.immo-invest.ch\/en\/wp-json\/wp\/v2\/posts\/113443","targetHints":{"allow":["GET"]}}],"collection":[{"href":"https:\/\/www.immo-invest.ch\/en\/wp-json\/wp\/v2\/posts"}],"about":[{"href":"https:\/\/www.immo-invest.ch\/en\/wp-json\/wp\/v2\/types\/post"}],"author":[{"embeddable":true,"href":"https:\/\/www.immo-invest.ch\/en\/wp-json\/wp\/v2\/users\/2"}],"replies":[{"embeddable":true,"href":"https:\/\/www.immo-invest.ch\/en\/wp-json\/wp\/v2\/comments?post=113443"}],"version-history":[{"count":0,"href":"https:\/\/www.immo-invest.ch\/en\/wp-json\/wp\/v2\/posts\/113443\/revisions"}],"wp:featuredmedia":[{"embeddable":true,"href":"https:\/\/www.immo-invest.ch\/en\/wp-json\/wp\/v2\/media\/113150"}],"wp:attachment":[{"href":"https:\/\/www.immo-invest.ch\/en\/wp-json\/wp\/v2\/media?parent=113443"}],"wp:term":[{"taxonomy":"category","embeddable":true,"href":"https:\/\/www.immo-invest.ch\/en\/wp-json\/wp\/v2\/categories?post=113443"},{"taxonomy":"post_tag","embeddable":true,"href":"https:\/\/www.immo-invest.ch\/en\/wp-json\/wp\/v2\/tags?post=113443"}],"curies":[{"name":"wp","href":"https:\/\/api.w.org\/{rel}","templated":true}]}}