{"id":112622,"date":"2024-08-27T13:57:43","date_gmt":"2024-08-27T11:57:43","guid":{"rendered":"https:\/\/www.immo-invest.ch\/neuer-verwaltungsrat-der-sbb-andre-wyss-2\/"},"modified":"2024-08-27T16:31:08","modified_gmt":"2024-08-27T14:31:08","slug":"neuer-verwaltungsrat-der-sbb-andre-wyss-2","status":"publish","type":"post","link":"https:\/\/www.immo-invest.ch\/en\/neuer-verwaltungsrat-der-sbb-andre-wyss-2\/","title":{"rendered":"New Board of Directors of SBB Andr\u00e9 Wyss"},"content":{"rendered":"<p class=\"wp-block-paragraph\">Andr&eacute; Wyss will join the Board of Directors of Swiss Federal Railways. The Federal Council approved Wyss&rsquo; election at its meeting on 21 August 2024. His new role will be officially confirmed at the SBB Annual General Meeting in April 2025. Wyss, a renowned Swiss business leader and CEO of construction and <span class=\"glossaryLink\" aria-describedby=\"tt\" data-cmtooltip=\"&lt;div class=glossaryItemTitle&gt;Real Estate&lt;\/div&gt;&lt;div class=glossaryItemBody&gt;Engl. f&uuml;r Immobilien&lt;\/div&gt;\" data-mobile-support=\"0\" data-gt-translate-attributes='[{\"attribute\":\"data-cmtooltip\", \"format\":\"html\"}]' tabindex=\"0\" role=\"link\">real estate<\/span> services provider Implenia, is set to take over as Chairman of the Board of Directors from Monika Ribar in 2026.<\/p>\n\n\n\n<p class=\"wp-block-paragraph\">Wyss has an impressive career that has prepared him excellently for this task. After training as a chemical technician, he completed a degree in economics and continued his education at the renowned Harvard Business School. Before joining Implenia, he gained extensive international experience at Novartis, where he most recently headed up global production and central services with over 40,000 employees. His <span class=\"glossaryLink\" aria-describedby=\"tt\" data-cmtooltip=\"&lt;div class=glossaryItemTitle&gt;Involvement&lt;\/div&gt;&lt;div class=glossaryItemBody&gt;Inneres Engagement eines Kunden, mit dem er sich einem Produkt zuwendet; resultiert aus der Situation des Kunden und der Art des Produktes (Image etc.)&lt;\/div&gt;\" data-mobile-support=\"0\" data-gt-translate-attributes='[{\"attribute\":\"data-cmtooltip\", \"format\":\"html\"}]' tabindex=\"0\" role=\"link\">involvement<\/span> on various boards of directors and as President of the Basel Statistical and Economic Society also underline his wide-ranging expertise. In addition to his business experience, Wyss was a major and commander in the Swiss army, which gave him a deep understanding of the political and economic environment in Switzerland.<\/p>\n\n\n\n<p class=\"wp-block-paragraph\"><strong>A well thought-out election process<br><\/strong>The members of the SBB Board of Directors are traditionally elected at the Annual General Meeting for a term of office of two years. As the sole shareholder, the Confederation exercises the right to vote at the General Meeting. Monika Ribar, who has served as Chair of the SBB Board of Directors for twelve years, will step down in 2026 due to the term limit. The current member of the Board of Directors, V&eacute;ronique Gigon, will step down at the 2025 Annual General Meeting.<\/p>\n\n\n\n<p class=\"wp-block-paragraph\">To ensure a seamless succession at the top of SBB, a comprehensive search process was initiated by the federal government at an early stage. The SBB Board of Directors then decided at an extraordinary meeting in August 2024 to propose the election of Andr&eacute; Wyss to the Federal Council. Wyss&rsquo; previous experience and his extensive network in the Swiss economy make him the ideal choice for this challenging task.<\/p>\n\n\n\n<p class=\"wp-block-paragraph\"><strong>A clear transition at Implenia and SBB<br><\/strong>Wyss will end his role as CEO of Implenia at the end of March 2025. He will then concentrate fully on his new role on the SBB Board of Directors. For one year, he will serve on the Board of Directors together with the current Chairwoman Monika Ribar and prepare intensively for taking over the chairmanship. This smooth transition will ensure continuous and stable leadership at SBB and safeguard the company&rsquo;s strategic direction for the future.<\/p>\n\n\n\n<p class=\"wp-block-paragraph\">With the election of Andr&eacute; Wyss, SBB is relying on a strong leader who is up to the challenges of the future and can successfully develop the company further.<\/p>\n\n","protected":false},"excerpt":{"rendered":"<p>The Federal Council has confirmed the election of Andr\u00e9 Wyss to the SBB Board of Directors. The experienced CEO of Implenia is expected to take over the chairmanship of SBB from Monika Ribar in 2026, having been elected to the Board of Directors in 2025.<\/p>\n","protected":false},"author":2,"featured_media":112579,"comment_status":"open","ping_status":"open","sticky":false,"template":"","format":"standard","meta":{"pmpro_default_level":"","inline_featured_image":false,"_monsterinsights_skip_tracking":false,"footnotes":""},"categories":[22697,22702,12484],"tags":[49315,19282,12525,12526,12528,12586,13031,12896],"class_list":["post-112622","post","type-post","status-publish","format-standard","has-post-thumbnail","hentry","category-company","category-mobility","category-people","tag-bahnunternehmen-en","tag-fuehrungswechsel-en","tag-immoinvest-en","tag-immonews-en","tag-news-en","tag-schweiz-en","tag-verwaltungsrat-en","tag-wirtschaft-en","pmpro-has-access"],"acf":{"bild_mit_ki_erstellt_worden":[],"lead":"The Federal Council has confirmed the election of Andr\u00e9 Wyss to the SBB Board of Directors. The experienced CEO of Implenia is expected to take over the chairmanship of SBB from Monika Ribar in 2026, having been elected to the Board of Directors in 2025.","autor":"Quelle: SBB, Bild: implenia.com\/ueber-uns\/organisation\/management\/","ort":"","bildunterschrift":"","bild_im_grid":false,"gallerie":"","newsim":""},"aioseo_notices":[],"aioseo_head":"\n\t\t<!-- All in One SEO 5.0.1.1 - aioseo.com -->\n\t<meta name=\"description\" content=\"The Federal Council has confirmed the election of Andr\u00e9 Wyss to the SBB Board of Directors. The experienced CEO of Implenia is expected to take over the chairmanship of SBB from Monika Ribar in 2026, having been elected to the Board of Directors in 2025.\" \/>\n\t<meta name=\"robots\" content=\"max-image-preview:large\" \/>\n\t<meta name=\"author\" content=\"immovestuser\"\/>\n\t<meta name=\"google-site-verification\" content=\"fHJKvgWpZCR2zVBHWfkQeFXC11qieUSff0HGNYfuyLA\" \/>\n\t<link rel=\"canonical\" href=\"https:\/\/www.immo-invest.ch\/en\/neuer-verwaltungsrat-der-sbb-andre-wyss-2\/\" \/>\n\t<meta name=\"generator\" content=\"All in One SEO (AIOSEO) 5.0.1.1\" \/>\n\t\t<meta property=\"og:locale\" content=\"en_US\" \/>\n\t\t<meta property=\"og:site_name\" content=\"immo!nvest - Die Plattform f\u00fcr Standorte und Immobilien - Die\u00a0Plattform f\u00fcr Standorte und Immobilien\" \/>\n\t\t<meta property=\"og:type\" content=\"article\" \/>\n\t\t<meta property=\"og:title\" content=\"New Board of Directors of SBB Andr\u00e9 Wyss - immo!nvest - Die Plattform f\u00fcr Standorte und Immobilien\" \/>\n\t\t<meta property=\"og:description\" content=\"The Federal Council has confirmed the election of Andr\u00e9 Wyss to the SBB Board of Directors. The experienced CEO of Implenia is expected to take over the chairmanship of SBB from Monika Ribar in 2026, having been elected to the Board of Directors in 2025.\" \/>\n\t\t<meta property=\"og:url\" content=\"https:\/\/www.immo-invest.ch\/en\/neuer-verwaltungsrat-der-sbb-andre-wyss-2\/\" \/>\n\t\t<meta property=\"og:image\" content=\"https:\/\/www.immo-invest.ch\/wp-content\/uploads\/2024\/08\/csm_CEO_Andre_Wyss_PNG_Web_3203_7ed7f0ed66-1.png\" \/>\n\t\t<meta property=\"og:image:secure_url\" content=\"https:\/\/www.immo-invest.ch\/wp-content\/uploads\/2024\/08\/csm_CEO_Andre_Wyss_PNG_Web_3203_7ed7f0ed66-1.png\" \/>\n\t\t<meta property=\"og:image:width\" content=\"1654\" \/>\n\t\t<meta property=\"og:image:height\" content=\"930\" \/>\n\t\t<meta property=\"article:published_time\" content=\"2024-08-27T11:57:43+00:00\" \/>\n\t\t<meta property=\"article:modified_time\" content=\"2024-08-27T14:31:08+00:00\" \/>\n\t\t<meta property=\"article:publisher\" content=\"https:\/\/www.facebook.com\/people\/Immoinvest\/100077962920504\/\" \/>\n\t\t<meta name=\"twitter:card\" content=\"summary_large_image\" \/>\n\t\t<meta name=\"twitter:site\" content=\"@i\" \/>\n\t\t<meta name=\"twitter:title\" content=\"New Board of Directors of SBB Andr\u00e9 Wyss - immo!nvest - Die Plattform f\u00fcr Standorte und Immobilien\" \/>\n\t\t<meta name=\"twitter:description\" content=\"The Federal Council has confirmed the election of Andr\u00e9 Wyss to the SBB Board of Directors. The experienced CEO of Implenia is expected to take over the chairmanship of SBB from Monika Ribar in 2026, having been elected to the Board of Directors in 2025.\" \/>\n\t\t<meta name=\"twitter:creator\" content=\"@i\" \/>\n\t\t<meta name=\"twitter:image\" content=\"https:\/\/www.immo-invest.ch\/wp-content\/uploads\/2024\/08\/csm_CEO_Andre_Wyss_PNG_Web_3203_7ed7f0ed66-1.png\" \/>\n\t\t<script type=\"application\/ld+json\" class=\"aioseo-schema\">\n\t\t\t{\"@context\":\"https:\\\/\\\/schema.org\",\"@graph\":[{\"@type\":\"BlogPosting\",\"@id\":\"https:\\\/\\\/www.immo-invest.ch\\\/en\\\/neuer-verwaltungsrat-der-sbb-andre-wyss-2\\\/#blogposting\",\"name\":\"New Board of Directors of SBB Andr\\u00e9 Wyss - immo!nvest - Die Plattform f\\u00fcr Standorte und Immobilien\",\"headline\":\"New Board of Directors of SBB Andr\\u00e9 Wyss\",\"author\":{\"@id\":\"https:\\\/\\\/www.immo-invest.ch\\\/en\\\/author\\\/immovestuser\\\/#author\"},\"publisher\":{\"@id\":\"https:\\\/\\\/www.immo-invest.ch\\\/en\\\/#organization\"},\"image\":{\"@type\":\"ImageObject\",\"url\":\"https:\\\/\\\/www.immo-invest.ch\\\/wp-content\\\/uploads\\\/2024\\\/08\\\/csm_CEO_Andre_Wyss_PNG_Web_3203_7ed7f0ed66-1.png\",\"width\":1654,\"height\":930,\"caption\":\"https:\\\/\\\/implenia.com\\\/ueber-uns\\\/organisation\\\/management\\\/\"},\"datePublished\":\"2024-08-27T13:57:43+02:00\",\"dateModified\":\"2024-08-27T16:31:08+02:00\",\"inLanguage\":\"en-US\",\"mainEntityOfPage\":{\"@id\":\"https:\\\/\\\/www.immo-invest.ch\\\/en\\\/neuer-verwaltungsrat-der-sbb-andre-wyss-2\\\/#webpage\"},\"isPartOf\":{\"@id\":\"https:\\\/\\\/www.immo-invest.ch\\\/en\\\/neuer-verwaltungsrat-der-sbb-andre-wyss-2\\\/#webpage\"},\"articleSection\":\"Company, Mobility, People, Bahnunternehmen, F\\u00fchrungswechsel, Immoinvest, immoNews, News, Schweiz, Verwaltungsrat, wirtschaft, Optional\"},{\"@type\":\"BreadcrumbList\",\"@id\":\"https:\\\/\\\/www.immo-invest.ch\\\/en\\\/neuer-verwaltungsrat-der-sbb-andre-wyss-2\\\/#breadcrumblist\",\"itemListElement\":[{\"@type\":\"ListItem\",\"@id\":\"https:\\\/\\\/www.immo-invest.ch\\\/en\\\/#listItem\",\"position\":1,\"name\":\"Home\",\"item\":\"https:\\\/\\\/www.immo-invest.ch\\\/en\\\/\",\"nextItem\":{\"@type\":\"ListItem\",\"@id\":\"https:\\\/\\\/www.immo-invest.ch\\\/en\\\/category\\\/people-2\\\/#listItem\",\"name\":\"People\"}},{\"@type\":\"ListItem\",\"@id\":\"https:\\\/\\\/www.immo-invest.ch\\\/en\\\/category\\\/people-2\\\/#listItem\",\"position\":2,\"name\":\"People\",\"item\":\"https:\\\/\\\/www.immo-invest.ch\\\/en\\\/category\\\/people-2\\\/\",\"nextItem\":{\"@type\":\"ListItem\",\"@id\":\"https:\\\/\\\/www.immo-invest.ch\\\/en\\\/category\\\/people-2\\\/people\\\/#listItem\",\"name\":\"People\"},\"previousItem\":{\"@type\":\"ListItem\",\"@id\":\"https:\\\/\\\/www.immo-invest.ch\\\/en\\\/#listItem\",\"name\":\"Home\"}},{\"@type\":\"ListItem\",\"@id\":\"https:\\\/\\\/www.immo-invest.ch\\\/en\\\/category\\\/people-2\\\/people\\\/#listItem\",\"position\":3,\"name\":\"People\",\"item\":\"https:\\\/\\\/www.immo-invest.ch\\\/en\\\/category\\\/people-2\\\/people\\\/\",\"nextItem\":{\"@type\":\"ListItem\",\"@id\":\"https:\\\/\\\/www.immo-invest.ch\\\/en\\\/neuer-verwaltungsrat-der-sbb-andre-wyss-2\\\/#listItem\",\"name\":\"New Board of Directors of SBB Andr\\u00e9 Wyss\"},\"previousItem\":{\"@type\":\"ListItem\",\"@id\":\"https:\\\/\\\/www.immo-invest.ch\\\/en\\\/category\\\/people-2\\\/#listItem\",\"name\":\"People\"}},{\"@type\":\"ListItem\",\"@id\":\"https:\\\/\\\/www.immo-invest.ch\\\/en\\\/neuer-verwaltungsrat-der-sbb-andre-wyss-2\\\/#listItem\",\"position\":4,\"name\":\"New Board of Directors of SBB Andr\\u00e9 Wyss\",\"previousItem\":{\"@type\":\"ListItem\",\"@id\":\"https:\\\/\\\/www.immo-invest.ch\\\/en\\\/category\\\/people-2\\\/people\\\/#listItem\",\"name\":\"People\"}}]},{\"@type\":\"Organization\",\"@id\":\"https:\\\/\\\/www.immo-invest.ch\\\/en\\\/#organization\",\"name\":\"immo!nvest - Die Plattform f\\u00fcr Standorte und Immobilien\",\"description\":\"Die\\u00a0Plattform f\\u00fcr Standorte und Immobilien\",\"url\":\"https:\\\/\\\/www.immo-invest.ch\\\/en\\\/\",\"email\":\"admin@immomedia.ag\",\"telephone\":\"+41444420002\",\"logo\":{\"@type\":\"ImageObject\",\"url\":\"https:\\\/\\\/www.immo-invest.ch\\\/wp-content\\\/uploads\\\/2024\\\/09\\\/immoinvest_sm-scaled.jpg\",\"@id\":\"https:\\\/\\\/www.immo-invest.ch\\\/en\\\/neuer-verwaltungsrat-der-sbb-andre-wyss-2\\\/#organizationLogo\",\"width\":2560,\"height\":1340},\"image\":{\"@id\":\"https:\\\/\\\/www.immo-invest.ch\\\/en\\\/neuer-verwaltungsrat-der-sbb-andre-wyss-2\\\/#organizationLogo\"},\"sameAs\":[\"https:\\\/\\\/www.facebook.com\\\/people\\\/Immoinvest\\\/100077962920504\\\/\",\"https:\\\/\\\/x.com\\\/i\\\/flow\\\/login?redirect_after_login=immoinvest_ch\",\"https:\\\/\\\/www.instagram.com\\\/immoinvest_ch\\\/\",\"https:\\\/\\\/www.linkedin.com\\\/company\\\/immoinvest-swiss\"]},{\"@type\":\"Person\",\"@id\":\"https:\\\/\\\/www.immo-invest.ch\\\/en\\\/author\\\/immovestuser\\\/#author\",\"url\":\"https:\\\/\\\/www.immo-invest.ch\\\/en\\\/author\\\/immovestuser\\\/\",\"name\":\"immovestuser\",\"image\":{\"@type\":\"ImageObject\",\"@id\":\"https:\\\/\\\/www.immo-invest.ch\\\/en\\\/neuer-verwaltungsrat-der-sbb-andre-wyss-2\\\/#authorImage\",\"url\":\"https:\\\/\\\/secure.gravatar.com\\\/avatar\\\/8e01f4d99f2eeea7a362ebb93305e1172a70e9293ba250f897a65c39f54cdd1e?s=96&d=mm&r=g\",\"width\":96,\"height\":96,\"caption\":\"immovestuser\"}},{\"@type\":\"WebPage\",\"@id\":\"https:\\\/\\\/www.immo-invest.ch\\\/en\\\/neuer-verwaltungsrat-der-sbb-andre-wyss-2\\\/#webpage\",\"url\":\"https:\\\/\\\/www.immo-invest.ch\\\/en\\\/neuer-verwaltungsrat-der-sbb-andre-wyss-2\\\/\",\"name\":\"New Board of Directors of SBB Andr\\u00e9 Wyss - immo!nvest - Die Plattform f\\u00fcr Standorte und Immobilien\",\"description\":\"The Federal Council has confirmed the election of Andr\\u00e9 Wyss to the SBB Board of Directors. The experienced CEO of Implenia is expected to take over the chairmanship of SBB from Monika Ribar in 2026, having been elected to the Board of Directors in 2025.\",\"inLanguage\":\"en-US\",\"isPartOf\":{\"@id\":\"https:\\\/\\\/www.immo-invest.ch\\\/en\\\/#website\"},\"breadcrumb\":{\"@id\":\"https:\\\/\\\/www.immo-invest.ch\\\/en\\\/neuer-verwaltungsrat-der-sbb-andre-wyss-2\\\/#breadcrumblist\"},\"author\":{\"@id\":\"https:\\\/\\\/www.immo-invest.ch\\\/en\\\/author\\\/immovestuser\\\/#author\"},\"creator\":{\"@id\":\"https:\\\/\\\/www.immo-invest.ch\\\/en\\\/author\\\/immovestuser\\\/#author\"},\"image\":{\"@type\":\"ImageObject\",\"url\":\"https:\\\/\\\/www.immo-invest.ch\\\/wp-content\\\/uploads\\\/2024\\\/08\\\/csm_CEO_Andre_Wyss_PNG_Web_3203_7ed7f0ed66-1.png\",\"@id\":\"https:\\\/\\\/www.immo-invest.ch\\\/en\\\/neuer-verwaltungsrat-der-sbb-andre-wyss-2\\\/#mainImage\",\"width\":1654,\"height\":930,\"caption\":\"https:\\\/\\\/implenia.com\\\/ueber-uns\\\/organisation\\\/management\\\/\"},\"primaryImageOfPage\":{\"@id\":\"https:\\\/\\\/www.immo-invest.ch\\\/en\\\/neuer-verwaltungsrat-der-sbb-andre-wyss-2\\\/#mainImage\"},\"datePublished\":\"2024-08-27T13:57:43+02:00\",\"dateModified\":\"2024-08-27T16:31:08+02:00\"},{\"@type\":\"WebSite\",\"@id\":\"https:\\\/\\\/www.immo-invest.ch\\\/en\\\/#website\",\"url\":\"https:\\\/\\\/www.immo-invest.ch\\\/en\\\/\",\"name\":\"immo!nvest - Die Plattform f\\u00fcr Standorte und Immobilien\",\"description\":\"Die\\u00a0Plattform f\\u00fcr Standorte und Immobilien\",\"inLanguage\":\"en-US\",\"publisher\":{\"@id\":\"https:\\\/\\\/www.immo-invest.ch\\\/en\\\/#organization\"}}]}\n\t\t<\/script>\n\t\t<!-- All in One SEO -->\n\n","aioseo_head_json":{"title":"New Board of Directors of SBB Andr\u00e9 Wyss - immo!nvest - Die Plattform f\u00fcr Standorte und Immobilien","description":"The Federal Council has confirmed the election of Andr\u00e9 Wyss to the SBB Board of Directors. The experienced CEO of Implenia is expected to take over the chairmanship of SBB from Monika Ribar in 2026, having been elected to the Board of Directors in 2025.","canonical_url":"https:\/\/www.immo-invest.ch\/en\/neuer-verwaltungsrat-der-sbb-andre-wyss-2\/","robots":"max-image-preview:large","keywords":"","webmasterTools":{"google-site-verification":"fHJKvgWpZCR2zVBHWfkQeFXC11qieUSff0HGNYfuyLA","miscellaneous":""},"schema":{"@context":"https:\/\/schema.org","@graph":[{"@type":"BlogPosting","@id":"https:\/\/www.immo-invest.ch\/en\/neuer-verwaltungsrat-der-sbb-andre-wyss-2\/#blogposting","name":"New Board of Directors of SBB Andr\u00e9 Wyss - immo!nvest - Die Plattform f\u00fcr Standorte und Immobilien","headline":"New Board of Directors of SBB Andr\u00e9 Wyss","author":{"@id":"https:\/\/www.immo-invest.ch\/en\/author\/immovestuser\/#author"},"publisher":{"@id":"https:\/\/www.immo-invest.ch\/en\/#organization"},"image":{"@type":"ImageObject","url":"https:\/\/www.immo-invest.ch\/wp-content\/uploads\/2024\/08\/csm_CEO_Andre_Wyss_PNG_Web_3203_7ed7f0ed66-1.png","width":1654,"height":930,"caption":"https:\/\/implenia.com\/ueber-uns\/organisation\/management\/"},"datePublished":"2024-08-27T13:57:43+02:00","dateModified":"2024-08-27T16:31:08+02:00","inLanguage":"en-US","mainEntityOfPage":{"@id":"https:\/\/www.immo-invest.ch\/en\/neuer-verwaltungsrat-der-sbb-andre-wyss-2\/#webpage"},"isPartOf":{"@id":"https:\/\/www.immo-invest.ch\/en\/neuer-verwaltungsrat-der-sbb-andre-wyss-2\/#webpage"},"articleSection":"Company, Mobility, People, Bahnunternehmen, F\u00fchrungswechsel, Immoinvest, immoNews, News, Schweiz, Verwaltungsrat, wirtschaft, Optional"},{"@type":"BreadcrumbList","@id":"https:\/\/www.immo-invest.ch\/en\/neuer-verwaltungsrat-der-sbb-andre-wyss-2\/#breadcrumblist","itemListElement":[{"@type":"ListItem","@id":"https:\/\/www.immo-invest.ch\/en\/#listItem","position":1,"name":"Home","item":"https:\/\/www.immo-invest.ch\/en\/","nextItem":{"@type":"ListItem","@id":"https:\/\/www.immo-invest.ch\/en\/category\/people-2\/#listItem","name":"People"}},{"@type":"ListItem","@id":"https:\/\/www.immo-invest.ch\/en\/category\/people-2\/#listItem","position":2,"name":"People","item":"https:\/\/www.immo-invest.ch\/en\/category\/people-2\/","nextItem":{"@type":"ListItem","@id":"https:\/\/www.immo-invest.ch\/en\/category\/people-2\/people\/#listItem","name":"People"},"previousItem":{"@type":"ListItem","@id":"https:\/\/www.immo-invest.ch\/en\/#listItem","name":"Home"}},{"@type":"ListItem","@id":"https:\/\/www.immo-invest.ch\/en\/category\/people-2\/people\/#listItem","position":3,"name":"People","item":"https:\/\/www.immo-invest.ch\/en\/category\/people-2\/people\/","nextItem":{"@type":"ListItem","@id":"https:\/\/www.immo-invest.ch\/en\/neuer-verwaltungsrat-der-sbb-andre-wyss-2\/#listItem","name":"New Board of Directors of SBB Andr\u00e9 Wyss"},"previousItem":{"@type":"ListItem","@id":"https:\/\/www.immo-invest.ch\/en\/category\/people-2\/#listItem","name":"People"}},{"@type":"ListItem","@id":"https:\/\/www.immo-invest.ch\/en\/neuer-verwaltungsrat-der-sbb-andre-wyss-2\/#listItem","position":4,"name":"New Board of Directors of SBB Andr\u00e9 Wyss","previousItem":{"@type":"ListItem","@id":"https:\/\/www.immo-invest.ch\/en\/category\/people-2\/people\/#listItem","name":"People"}}]},{"@type":"Organization","@id":"https:\/\/www.immo-invest.ch\/en\/#organization","name":"immo!nvest - Die Plattform f\u00fcr Standorte und Immobilien","description":"Die\u00a0Plattform f\u00fcr Standorte und Immobilien","url":"https:\/\/www.immo-invest.ch\/en\/","email":"admin@immomedia.ag","telephone":"+41444420002","logo":{"@type":"ImageObject","url":"https:\/\/www.immo-invest.ch\/wp-content\/uploads\/2024\/09\/immoinvest_sm-scaled.jpg","@id":"https:\/\/www.immo-invest.ch\/en\/neuer-verwaltungsrat-der-sbb-andre-wyss-2\/#organizationLogo","width":2560,"height":1340},"image":{"@id":"https:\/\/www.immo-invest.ch\/en\/neuer-verwaltungsrat-der-sbb-andre-wyss-2\/#organizationLogo"},"sameAs":["https:\/\/www.facebook.com\/people\/Immoinvest\/100077962920504\/","https:\/\/x.com\/i\/flow\/login?redirect_after_login=immoinvest_ch","https:\/\/www.instagram.com\/immoinvest_ch\/","https:\/\/www.linkedin.com\/company\/immoinvest-swiss"]},{"@type":"Person","@id":"https:\/\/www.immo-invest.ch\/en\/author\/immovestuser\/#author","url":"https:\/\/www.immo-invest.ch\/en\/author\/immovestuser\/","name":"immovestuser","image":{"@type":"ImageObject","@id":"https:\/\/www.immo-invest.ch\/en\/neuer-verwaltungsrat-der-sbb-andre-wyss-2\/#authorImage","url":"https:\/\/secure.gravatar.com\/avatar\/8e01f4d99f2eeea7a362ebb93305e1172a70e9293ba250f897a65c39f54cdd1e?s=96&d=mm&r=g","width":96,"height":96,"caption":"immovestuser"}},{"@type":"WebPage","@id":"https:\/\/www.immo-invest.ch\/en\/neuer-verwaltungsrat-der-sbb-andre-wyss-2\/#webpage","url":"https:\/\/www.immo-invest.ch\/en\/neuer-verwaltungsrat-der-sbb-andre-wyss-2\/","name":"New Board of Directors of SBB Andr\u00e9 Wyss - immo!nvest - Die Plattform f\u00fcr Standorte und Immobilien","description":"The Federal Council has confirmed the election of Andr\u00e9 Wyss to the SBB Board of Directors. The experienced CEO of Implenia is expected to take over the chairmanship of SBB from Monika Ribar in 2026, having been elected to the Board of Directors in 2025.","inLanguage":"en-US","isPartOf":{"@id":"https:\/\/www.immo-invest.ch\/en\/#website"},"breadcrumb":{"@id":"https:\/\/www.immo-invest.ch\/en\/neuer-verwaltungsrat-der-sbb-andre-wyss-2\/#breadcrumblist"},"author":{"@id":"https:\/\/www.immo-invest.ch\/en\/author\/immovestuser\/#author"},"creator":{"@id":"https:\/\/www.immo-invest.ch\/en\/author\/immovestuser\/#author"},"image":{"@type":"ImageObject","url":"https:\/\/www.immo-invest.ch\/wp-content\/uploads\/2024\/08\/csm_CEO_Andre_Wyss_PNG_Web_3203_7ed7f0ed66-1.png","@id":"https:\/\/www.immo-invest.ch\/en\/neuer-verwaltungsrat-der-sbb-andre-wyss-2\/#mainImage","width":1654,"height":930,"caption":"https:\/\/implenia.com\/ueber-uns\/organisation\/management\/"},"primaryImageOfPage":{"@id":"https:\/\/www.immo-invest.ch\/en\/neuer-verwaltungsrat-der-sbb-andre-wyss-2\/#mainImage"},"datePublished":"2024-08-27T13:57:43+02:00","dateModified":"2024-08-27T16:31:08+02:00"},{"@type":"WebSite","@id":"https:\/\/www.immo-invest.ch\/en\/#website","url":"https:\/\/www.immo-invest.ch\/en\/","name":"immo!nvest - Die Plattform f\u00fcr Standorte und Immobilien","description":"Die\u00a0Plattform f\u00fcr Standorte und Immobilien","inLanguage":"en-US","publisher":{"@id":"https:\/\/www.immo-invest.ch\/en\/#organization"}}]},"og:locale":"en_US","og:site_name":"immo!nvest - Die Plattform f\u00fcr Standorte und Immobilien - Die\u00a0Plattform f\u00fcr Standorte und Immobilien","og:type":"article","og:title":"New Board of Directors of SBB Andr\u00e9 Wyss - immo!nvest - Die Plattform f\u00fcr Standorte und Immobilien","og:description":"The Federal Council has confirmed the election of Andr\u00e9 Wyss to the SBB Board of Directors. The experienced CEO of Implenia is expected to take over the chairmanship of SBB from Monika Ribar in 2026, having been elected to the Board of Directors in 2025.","og:url":"https:\/\/www.immo-invest.ch\/en\/neuer-verwaltungsrat-der-sbb-andre-wyss-2\/","og:image":"https:\/\/www.immo-invest.ch\/wp-content\/uploads\/2024\/08\/csm_CEO_Andre_Wyss_PNG_Web_3203_7ed7f0ed66-1.png","og:image:secure_url":"https:\/\/www.immo-invest.ch\/wp-content\/uploads\/2024\/08\/csm_CEO_Andre_Wyss_PNG_Web_3203_7ed7f0ed66-1.png","og:image:width":1654,"og:image:height":930,"article:published_time":"2024-08-27T11:57:43+00:00","article:modified_time":"2024-08-27T14:31:08+00:00","article:publisher":"https:\/\/www.facebook.com\/people\/Immoinvest\/100077962920504\/","twitter:card":"summary_large_image","twitter:site":"@i","twitter:title":"New Board of Directors of SBB Andr\u00e9 Wyss - immo!nvest - Die Plattform f\u00fcr Standorte und Immobilien","twitter:description":"The Federal Council has confirmed the election of Andr\u00e9 Wyss to the SBB Board of Directors. The experienced CEO of Implenia is expected to take over the chairmanship of SBB from Monika Ribar in 2026, having been elected to the Board of Directors in 2025.","twitter:creator":"@i","twitter:image":"https:\/\/www.immo-invest.ch\/wp-content\/uploads\/2024\/08\/csm_CEO_Andre_Wyss_PNG_Web_3203_7ed7f0ed66-1.png"},"aioseo_meta_data":{"post_id":"112622","title":null,"description":null,"keywords":null,"keyphrases":null,"primary_term":null,"canonical_url":null,"og_title":null,"og_description":null,"og_object_type":"default","og_image_type":"default","og_image_url":null,"og_image_width":null,"og_image_height":null,"og_image_custom_url":null,"og_image_custom_fields":null,"og_video":null,"og_custom_url":null,"og_article_section":null,"og_article_tags":null,"twitter_use_og":false,"twitter_card":"default","twitter_image_type":"default","twitter_image_url":null,"twitter_image_custom_url":null,"twitter_image_custom_fields":null,"twitter_title":null,"twitter_description":null,"schema":{"blockGraphs":[],"customGraphs":[],"default":{"data":{"Article":[],"Course":[],"Dataset":[],"FAQPage":[],"Movie":[],"Person":[],"Product":[],"ProductReview":[],"Car":[],"Recipe":[],"Service":[],"SoftwareApplication":[],"WebPage":[]},"graphName":"","isEnabled":true},"graphs":[]},"schema_type":"default","schema_type_options":null,"pillar_content":false,"robots_default":true,"robots_noindex":false,"robots_noarchive":false,"robots_nosnippet":false,"robots_nofollow":false,"robots_noimageindex":false,"robots_noodp":false,"robots_notranslate":false,"robots_max_snippet":null,"robots_max_videopreview":null,"robots_max_imagepreview":"large","priority":null,"frequency":null,"local_seo":null,"breadcrumb_settings":null,"limit_modified_date":false,"ai":null,"created":"2024-09-21 01:31:59","updated":"2025-10-24 08:18:26","seo_analyzer_scan_date":null,"focus_keyword":null,"additional_keywords":null,"truseo_locale":null},"aioseo_breadcrumb":"<div class=\"aioseo-breadcrumbs\"><span class=\"aioseo-breadcrumb\">\n\t\t\t<a href=\"https:\/\/www.immo-invest.ch\/en\/\" title=\"Home\">Home<\/a>\n\t\t<\/span><span class=\"aioseo-breadcrumb-separator\">&raquo;<\/span><span class=\"aioseo-breadcrumb\">\n\t\t\t<a href=\"https:\/\/www.immo-invest.ch\/en\/category\/people-2\/\" title=\"People\">People<\/a>\n\t\t<\/span><span class=\"aioseo-breadcrumb-separator\">&raquo;<\/span><span class=\"aioseo-breadcrumb\">\n\t\t\t<a href=\"https:\/\/www.immo-invest.ch\/en\/category\/people-2\/people\/\" title=\"People\">People<\/a>\n\t\t<\/span><span class=\"aioseo-breadcrumb-separator\">&raquo;<\/span><span class=\"aioseo-breadcrumb\">\n\t\t\tNew Board of Directors of SBB Andr\u00e9 Wyss\n\t\t<\/span><\/div>","aioseo_breadcrumb_json":[{"label":"Home","link":"https:\/\/www.immo-invest.ch\/en\/"},{"label":"People","link":"https:\/\/www.immo-invest.ch\/en\/category\/people-2\/"},{"label":"People","link":"https:\/\/www.immo-invest.ch\/en\/category\/people-2\/people\/"},{"label":"New Board of Directors of SBB Andr\u00e9 Wyss","link":"https:\/\/www.immo-invest.ch\/en\/neuer-verwaltungsrat-der-sbb-andre-wyss-2\/"}],"featured_image_src":"https:\/\/www.immo-invest.ch\/wp-content\/uploads\/2024\/08\/csm_CEO_Andre_Wyss_PNG_Web_3203_7ed7f0ed66-1-336x168.png","_links":{"self":[{"href":"https:\/\/www.immo-invest.ch\/en\/wp-json\/wp\/v2\/posts\/112622","targetHints":{"allow":["GET"]}}],"collection":[{"href":"https:\/\/www.immo-invest.ch\/en\/wp-json\/wp\/v2\/posts"}],"about":[{"href":"https:\/\/www.immo-invest.ch\/en\/wp-json\/wp\/v2\/types\/post"}],"author":[{"embeddable":true,"href":"https:\/\/www.immo-invest.ch\/en\/wp-json\/wp\/v2\/users\/2"}],"replies":[{"embeddable":true,"href":"https:\/\/www.immo-invest.ch\/en\/wp-json\/wp\/v2\/comments?post=112622"}],"version-history":[{"count":0,"href":"https:\/\/www.immo-invest.ch\/en\/wp-json\/wp\/v2\/posts\/112622\/revisions"}],"wp:featuredmedia":[{"embeddable":true,"href":"https:\/\/www.immo-invest.ch\/en\/wp-json\/wp\/v2\/media\/112579"}],"wp:attachment":[{"href":"https:\/\/www.immo-invest.ch\/en\/wp-json\/wp\/v2\/media?parent=112622"}],"wp:term":[{"taxonomy":"category","embeddable":true,"href":"https:\/\/www.immo-invest.ch\/en\/wp-json\/wp\/v2\/categories?post=112622"},{"taxonomy":"post_tag","embeddable":true,"href":"https:\/\/www.immo-invest.ch\/en\/wp-json\/wp\/v2\/tags?post=112622"}],"curies":[{"name":"wp","href":"https:\/\/api.w.org\/{rel}","templated":true}]}}