{"id":104615,"date":"2024-07-05T14:30:21","date_gmt":"2024-07-05T12:30:21","guid":{"rendered":"https:\/\/www.immo-invest.ch\/geneve-en-route-vers-la-smart-city-3-0\/"},"modified":"2024-07-05T14:39:49","modified_gmt":"2024-07-05T12:39:49","slug":"geneve-en-route-vers-la-smart-city-3-0","status":"publish","type":"post","link":"https:\/\/www.immo-invest.ch\/en\/geneve-en-route-vers-la-smart-city-3-0\/","title":{"rendered":"Geneva on the road to Smart City 3.0"},"content":{"rendered":"<p class=\"wp-block-paragraph\">With the &ldquo;Smart Geneva&rdquo; initiative, the canton of Geneva aims to become a Smart City 3.0, following the example of Scandinavian countries. Unlike top-down approaches, the aim here is to achieve sustainable, intelligent change through <span class=\"glossaryLink\" aria-describedby=\"tt\" data-cmtooltip=\"&lt;div class=glossaryItemTitle&gt;Networking&lt;\/div&gt;&lt;div class=glossaryItemBody&gt;Kn&uuml;pfen eines Kontaktnetzes mit anderen Personen, um diese Beziehungen k&uuml;nftig erfolgreich nutzen zu k&ouml;nnen&lt;\/div&gt;\" data-mobile-support=\"0\" data-gt-translate-attributes='[{\"attribute\":\"data-cmtooltip\", \"format\":\"html\"}]' tabindex=\"0\" role=\"link\">networking<\/span> and the promotion of concrete projects. Patrick Montier, Smart City Manager for the canton of Geneva, stresses the importance of a participatory approach: &ldquo;It&rsquo;s about creating an ecosystem that stimulates <span class=\"glossaryLink\" aria-describedby=\"tt\" data-cmtooltip=\"&lt;div class=glossaryItemTitle&gt;Innovation&lt;\/div&gt;&lt;div class=glossaryItemBody&gt;Innovation in der heutigen Immobilienwelt bedeutet vor allem Digitalisierung von Prozessen. Zum Beispiel das Eliminieren von Tausenden von Excel-Bl&auml;ttern f&uuml;r Portfolio- und Asset-Manager oder das Erstellen einer Anwendung (App) f&uuml;r alle Formalit&auml;ten rund um die Beziehung zwischen Immobilieneigent&uuml;mern, - verwaltung und -mietern.&lt;\/div&gt;\" data-mobile-support=\"0\" data-gt-translate-attributes='[{\"attribute\":\"data-cmtooltip\", \"format\":\"html\"}]' tabindex=\"0\" role=\"link\">innovation<\/span> by encouraging innovative projects and facilitating access to resources and funding&rdquo;.<\/p>\n\n\n\n<p class=\"wp-block-paragraph\"><strong>Coordination and <span class=\"glossaryLink\" aria-describedby=\"tt\" data-cmtooltip=\"&lt;div class=glossaryItemTitle&gt;Networking&lt;\/div&gt;&lt;div class=glossaryItemBody&gt;Kn&uuml;pfen eines Kontaktnetzes mit anderen Personen, um diese Beziehungen k&uuml;nftig erfolgreich nutzen zu k&ouml;nnen&lt;\/div&gt;\" data-mobile-support=\"0\" data-gt-translate-attributes='[{\"attribute\":\"data-cmtooltip\", \"format\":\"html\"}]' tabindex=\"0\" role=\"link\">networking<\/span> of projects<\/strong><br>Until now, smart city projects in Geneva have been promising, but scattered and uncoordinated. This must now change. Private, state and scientific players will be networked via an online platform and various events to form a living community. A central database will collect and make accessible information on Smart City experiences and experiments.<\/p>\n\n\n\n<p class=\"wp-block-paragraph\"><strong>Promotion by the canton and integration of the community<\/strong><br>For the <span class=\"glossaryLink\" aria-describedby=\"tt\" data-cmtooltip=\"&lt;div class=glossaryItemTitle&gt;Launch&lt;\/div&gt;&lt;div class=glossaryItemBody&gt;Einf&uuml;hrung einer neuen Marke, eines neuen Produkts, einer neuen Werbekampagne oder eines Internetauftritts&lt;\/div&gt;\" data-mobile-support=\"0\" data-gt-translate-attributes='[{\"attribute\":\"data-cmtooltip\", \"format\":\"html\"}]' tabindex=\"0\" role=\"link\">launch<\/span> of the initiative, the canton of Geneva has selected nine projects that will receive particular support in terms of communication. These include an urban agriculture project, a crowdfunding platform and a route planner for cycling commuters. A telemedicine platform at HUG University Hospital and pilot projects with networked bus stops are also included.<\/p>\n\n\n\n<p class=\"wp-block-paragraph\"><strong>Using technology to protect the climate<\/strong><br>The Smart City 3.0 vision puts technology at the service of the region to meet the challenges of urbanisation and global warming. &ldquo;Our vision uses digital technologies wisely, taking care to use sensors sparingly, for example, as they can be very energy-hungry,&rdquo; explains Montier. It aims to maximise the benefits for the environment, mobility, health, the circular economy and the well-being of residents.<\/p>\n\n\n\n<p class=\"wp-block-paragraph\"><strong>Future prospects and regional integration<\/strong><br>One of the long-term objectives of the initiative is to integrate the French border area into the Smart City strategy. Those responsible promise that Geneva will be a fully-fledged Smart City by 2030. The implementation of the &ldquo;Smart Geneva&rdquo; initiative represents an important step towards sustainable and innovative urban development that meets the needs of residents while addressing the challenges of climate change.<\/p>\n","protected":false},"excerpt":{"rendered":"<p>The canton of Geneva is launching the &#8220;Smart Geneva&#8221; initiative to drive the transition to a Smart City 3.0, based on the Scandinavian model, by networking and promoting projects. The approach aims to put technology to good use in urban development and the fight against climate change, and to create a vibrant, collaborative community.<\/p>\n","protected":false},"author":2,"featured_media":104587,"comment_status":"open","ping_status":"open","sticky":false,"template":"","format":"standard","meta":{"pmpro_default_level":"0","inline_featured_image":false,"_monsterinsights_skip_tracking":false,"footnotes":""},"categories":[12482,47514,22698],"tags":[47990,47725,12564,12525,12526,47991,47992,47993,47994,47995],"class_list":["post-104615","post","type-post","status-publish","format-standard","has-post-thumbnail","hentry","category-energy","category-genf-en","category-sustainability","tag-developpement-urbain-durable-en","tag-economie-circulaire-en","tag-immobilien-en","tag-immoinvest-en","tag-immonews-en","tag-integration-regionale-en","tag-protection-du-climat-en","tag-rechauffement-climatique-en","tag-technologies-numeriques-en","tag-urbanisation-en","pmpro-has-access"],"acf":{"bild_mit_ki_erstellt_worden":[],"lead":"The canton of Geneva is launching the \"Smart Geneva\" initiative to drive the transition to a Smart City 3.0, based on the Scandinavian model, by networking and promoting projects. The approach aims to put technology to good use in urban development and the fight against climate change, and to create a vibrant, collaborative community.","autor":"Texte: Jessica Bill, Image: m\u00e0d.","ort":"","bildunterschrift":"","bild_im_grid":false,"gallerie":"","newsim":""},"aioseo_notices":[],"aioseo_head":"\n\t\t<!-- All in One SEO 5.0.1.1 - aioseo.com -->\n\t<meta name=\"description\" content=\"The canton of Geneva is launching the &quot;Smart Geneva&quot; initiative to drive the transition to a Smart City 3.0, based on the Scandinavian model, by networking and promoting projects. The approach aims to put technology to good use in urban development and the fight against climate change, and to create a vibrant, collaborative community.\" \/>\n\t<meta name=\"robots\" content=\"max-image-preview:large\" \/>\n\t<meta name=\"author\" content=\"immovestuser\"\/>\n\t<meta name=\"google-site-verification\" content=\"fHJKvgWpZCR2zVBHWfkQeFXC11qieUSff0HGNYfuyLA\" \/>\n\t<link rel=\"canonical\" href=\"https:\/\/www.immo-invest.ch\/en\/geneve-en-route-vers-la-smart-city-3-0\/\" \/>\n\t<meta name=\"generator\" content=\"All in One SEO (AIOSEO) 5.0.1.1\" \/>\n\t\t<meta property=\"og:locale\" content=\"en_US\" \/>\n\t\t<meta property=\"og:site_name\" content=\"immo!nvest - Die Plattform f\u00fcr Standorte und Immobilien - Die\u00a0Plattform f\u00fcr Standorte und Immobilien\" \/>\n\t\t<meta property=\"og:type\" content=\"article\" \/>\n\t\t<meta property=\"og:title\" content=\"Geneva on the road to Smart City 3.0 - immo!nvest - Die Plattform f\u00fcr Standorte und Immobilien\" \/>\n\t\t<meta property=\"og:description\" content=\"The canton of Geneva is launching the &quot;Smart Geneva&quot; initiative to drive the transition to a Smart City 3.0, based on the Scandinavian model, by networking and promoting projects. The approach aims to put technology to good use in urban development and the fight against climate change, and to create a vibrant, collaborative community.\" \/>\n\t\t<meta property=\"og:url\" content=\"https:\/\/www.immo-invest.ch\/en\/geneve-en-route-vers-la-smart-city-3-0\/\" \/>\n\t\t<meta property=\"og:image\" content=\"https:\/\/www.immo-invest.ch\/wp-content\/uploads\/2024\/07\/genf_reitvu.png\" \/>\n\t\t<meta property=\"og:image:secure_url\" content=\"https:\/\/www.immo-invest.ch\/wp-content\/uploads\/2024\/07\/genf_reitvu.png\" \/>\n\t\t<meta property=\"og:image:width\" content=\"1000\" \/>\n\t\t<meta property=\"og:image:height\" content=\"562\" \/>\n\t\t<meta property=\"article:published_time\" content=\"2024-07-05T12:30:21+00:00\" \/>\n\t\t<meta property=\"article:modified_time\" content=\"2024-07-05T12:39:49+00:00\" \/>\n\t\t<meta property=\"article:publisher\" content=\"https:\/\/www.facebook.com\/people\/Immoinvest\/100077962920504\/\" \/>\n\t\t<meta name=\"twitter:card\" content=\"summary_large_image\" \/>\n\t\t<meta name=\"twitter:site\" content=\"@i\" \/>\n\t\t<meta name=\"twitter:title\" content=\"Geneva on the road to Smart City 3.0 - immo!nvest - Die Plattform f\u00fcr Standorte und Immobilien\" \/>\n\t\t<meta name=\"twitter:description\" content=\"The canton of Geneva is launching the &quot;Smart Geneva&quot; initiative to drive the transition to a Smart City 3.0, based on the Scandinavian model, by networking and promoting projects. The approach aims to put technology to good use in urban development and the fight against climate change, and to create a vibrant, collaborative community.\" \/>\n\t\t<meta name=\"twitter:creator\" content=\"@i\" \/>\n\t\t<meta name=\"twitter:image\" content=\"https:\/\/www.immo-invest.ch\/wp-content\/uploads\/2024\/07\/genf_reitvu.png\" \/>\n\t\t<script type=\"application\/ld+json\" class=\"aioseo-schema\">\n\t\t\t{\"@context\":\"https:\\\/\\\/schema.org\",\"@graph\":[{\"@type\":\"BlogPosting\",\"@id\":\"https:\\\/\\\/www.immo-invest.ch\\\/en\\\/geneve-en-route-vers-la-smart-city-3-0\\\/#blogposting\",\"name\":\"Geneva on the road to Smart City 3.0 - immo!nvest - Die Plattform f\\u00fcr Standorte und Immobilien\",\"headline\":\"Geneva on the road to Smart City 3.0\",\"author\":{\"@id\":\"https:\\\/\\\/www.immo-invest.ch\\\/en\\\/author\\\/immovestuser\\\/#author\"},\"publisher\":{\"@id\":\"https:\\\/\\\/www.immo-invest.ch\\\/en\\\/#organization\"},\"image\":{\"@type\":\"ImageObject\",\"url\":\"https:\\\/\\\/www.immo-invest.ch\\\/wp-content\\\/uploads\\\/2024\\\/07\\\/genf_reitvu.png\",\"width\":1000,\"height\":562},\"datePublished\":\"2024-07-05T14:30:21+02:00\",\"dateModified\":\"2024-07-05T14:39:49+02:00\",\"inLanguage\":\"en-US\",\"mainEntityOfPage\":{\"@id\":\"https:\\\/\\\/www.immo-invest.ch\\\/en\\\/geneve-en-route-vers-la-smart-city-3-0\\\/#webpage\"},\"isPartOf\":{\"@id\":\"https:\\\/\\\/www.immo-invest.ch\\\/en\\\/geneve-en-route-vers-la-smart-city-3-0\\\/#webpage\"},\"articleSection\":\"Energy, Genf, Sustainability, d\\u00e9veloppement urbain durable, \\u00e9conomie circulaire, immobilien, Immoinvest, immoNews, int\\u00e9gration r\\u00e9gionale, protection du climat, r\\u00e9chauffement climatique, technologies num\\u00e9riques, urbanisation, Optional\"},{\"@type\":\"BreadcrumbList\",\"@id\":\"https:\\\/\\\/www.immo-invest.ch\\\/en\\\/geneve-en-route-vers-la-smart-city-3-0\\\/#breadcrumblist\",\"itemListElement\":[{\"@type\":\"ListItem\",\"@id\":\"https:\\\/\\\/www.immo-invest.ch\\\/en\\\/#listItem\",\"position\":1,\"name\":\"Home\",\"item\":\"https:\\\/\\\/www.immo-invest.ch\\\/en\\\/\",\"nextItem\":{\"@type\":\"ListItem\",\"@id\":\"https:\\\/\\\/www.immo-invest.ch\\\/en\\\/category\\\/regions-en\\\/#listItem\",\"name\":\"Regions\"}},{\"@type\":\"ListItem\",\"@id\":\"https:\\\/\\\/www.immo-invest.ch\\\/en\\\/category\\\/regions-en\\\/#listItem\",\"position\":2,\"name\":\"Regions\",\"item\":\"https:\\\/\\\/www.immo-invest.ch\\\/en\\\/category\\\/regions-en\\\/\",\"nextItem\":{\"@type\":\"ListItem\",\"@id\":\"https:\\\/\\\/www.immo-invest.ch\\\/en\\\/category\\\/regions-en\\\/switzerland\\\/#listItem\",\"name\":\"Switzerland\"},\"previousItem\":{\"@type\":\"ListItem\",\"@id\":\"https:\\\/\\\/www.immo-invest.ch\\\/en\\\/#listItem\",\"name\":\"Home\"}},{\"@type\":\"ListItem\",\"@id\":\"https:\\\/\\\/www.immo-invest.ch\\\/en\\\/category\\\/regions-en\\\/switzerland\\\/#listItem\",\"position\":3,\"name\":\"Switzerland\",\"item\":\"https:\\\/\\\/www.immo-invest.ch\\\/en\\\/category\\\/regions-en\\\/switzerland\\\/\",\"nextItem\":{\"@type\":\"ListItem\",\"@id\":\"https:\\\/\\\/www.immo-invest.ch\\\/en\\\/category\\\/regions-en\\\/switzerland\\\/lake-geneva-region\\\/#listItem\",\"name\":\"Lake Geneva Region\"},\"previousItem\":{\"@type\":\"ListItem\",\"@id\":\"https:\\\/\\\/www.immo-invest.ch\\\/en\\\/category\\\/regions-en\\\/#listItem\",\"name\":\"Regions\"}},{\"@type\":\"ListItem\",\"@id\":\"https:\\\/\\\/www.immo-invest.ch\\\/en\\\/category\\\/regions-en\\\/switzerland\\\/lake-geneva-region\\\/#listItem\",\"position\":4,\"name\":\"Lake Geneva Region\",\"item\":\"https:\\\/\\\/www.immo-invest.ch\\\/en\\\/category\\\/regions-en\\\/switzerland\\\/lake-geneva-region\\\/\",\"nextItem\":{\"@type\":\"ListItem\",\"@id\":\"https:\\\/\\\/www.immo-invest.ch\\\/en\\\/category\\\/regions-en\\\/switzerland\\\/lake-geneva-region\\\/genf-en\\\/#listItem\",\"name\":\"Genf\"},\"previousItem\":{\"@type\":\"ListItem\",\"@id\":\"https:\\\/\\\/www.immo-invest.ch\\\/en\\\/category\\\/regions-en\\\/switzerland\\\/#listItem\",\"name\":\"Switzerland\"}},{\"@type\":\"ListItem\",\"@id\":\"https:\\\/\\\/www.immo-invest.ch\\\/en\\\/category\\\/regions-en\\\/switzerland\\\/lake-geneva-region\\\/genf-en\\\/#listItem\",\"position\":5,\"name\":\"Genf\",\"item\":\"https:\\\/\\\/www.immo-invest.ch\\\/en\\\/category\\\/regions-en\\\/switzerland\\\/lake-geneva-region\\\/genf-en\\\/\",\"nextItem\":{\"@type\":\"ListItem\",\"@id\":\"https:\\\/\\\/www.immo-invest.ch\\\/en\\\/geneve-en-route-vers-la-smart-city-3-0\\\/#listItem\",\"name\":\"Geneva on the road to Smart City 3.0\"},\"previousItem\":{\"@type\":\"ListItem\",\"@id\":\"https:\\\/\\\/www.immo-invest.ch\\\/en\\\/category\\\/regions-en\\\/switzerland\\\/lake-geneva-region\\\/#listItem\",\"name\":\"Lake Geneva Region\"}},{\"@type\":\"ListItem\",\"@id\":\"https:\\\/\\\/www.immo-invest.ch\\\/en\\\/geneve-en-route-vers-la-smart-city-3-0\\\/#listItem\",\"position\":6,\"name\":\"Geneva on the road to Smart City 3.0\",\"previousItem\":{\"@type\":\"ListItem\",\"@id\":\"https:\\\/\\\/www.immo-invest.ch\\\/en\\\/category\\\/regions-en\\\/switzerland\\\/lake-geneva-region\\\/genf-en\\\/#listItem\",\"name\":\"Genf\"}}]},{\"@type\":\"Organization\",\"@id\":\"https:\\\/\\\/www.immo-invest.ch\\\/en\\\/#organization\",\"name\":\"immo!nvest - Die Plattform f\\u00fcr Standorte und Immobilien\",\"description\":\"Die\\u00a0Plattform f\\u00fcr Standorte und Immobilien\",\"url\":\"https:\\\/\\\/www.immo-invest.ch\\\/en\\\/\",\"email\":\"admin@immomedia.ag\",\"telephone\":\"+41444420002\",\"logo\":{\"@type\":\"ImageObject\",\"url\":\"https:\\\/\\\/www.immo-invest.ch\\\/wp-content\\\/uploads\\\/2024\\\/09\\\/immoinvest_sm-scaled.jpg\",\"@id\":\"https:\\\/\\\/www.immo-invest.ch\\\/en\\\/geneve-en-route-vers-la-smart-city-3-0\\\/#organizationLogo\",\"width\":2560,\"height\":1340},\"image\":{\"@id\":\"https:\\\/\\\/www.immo-invest.ch\\\/en\\\/geneve-en-route-vers-la-smart-city-3-0\\\/#organizationLogo\"},\"sameAs\":[\"https:\\\/\\\/www.facebook.com\\\/people\\\/Immoinvest\\\/100077962920504\\\/\",\"https:\\\/\\\/x.com\\\/i\\\/flow\\\/login?redirect_after_login=immoinvest_ch\",\"https:\\\/\\\/www.instagram.com\\\/immoinvest_ch\\\/\",\"https:\\\/\\\/www.linkedin.com\\\/company\\\/immoinvest-swiss\"]},{\"@type\":\"Person\",\"@id\":\"https:\\\/\\\/www.immo-invest.ch\\\/en\\\/author\\\/immovestuser\\\/#author\",\"url\":\"https:\\\/\\\/www.immo-invest.ch\\\/en\\\/author\\\/immovestuser\\\/\",\"name\":\"immovestuser\",\"image\":{\"@type\":\"ImageObject\",\"@id\":\"https:\\\/\\\/www.immo-invest.ch\\\/en\\\/geneve-en-route-vers-la-smart-city-3-0\\\/#authorImage\",\"url\":\"https:\\\/\\\/secure.gravatar.com\\\/avatar\\\/8e01f4d99f2eeea7a362ebb93305e1172a70e9293ba250f897a65c39f54cdd1e?s=96&d=mm&r=g\",\"width\":96,\"height\":96,\"caption\":\"immovestuser\"}},{\"@type\":\"WebPage\",\"@id\":\"https:\\\/\\\/www.immo-invest.ch\\\/en\\\/geneve-en-route-vers-la-smart-city-3-0\\\/#webpage\",\"url\":\"https:\\\/\\\/www.immo-invest.ch\\\/en\\\/geneve-en-route-vers-la-smart-city-3-0\\\/\",\"name\":\"Geneva on the road to Smart City 3.0 - immo!nvest - Die Plattform f\\u00fcr Standorte und Immobilien\",\"description\":\"The canton of Geneva is launching the \\\"Smart Geneva\\\" initiative to drive the transition to a Smart City 3.0, based on the Scandinavian model, by networking and promoting projects. The approach aims to put technology to good use in urban development and the fight against climate change, and to create a vibrant, collaborative community.\",\"inLanguage\":\"en-US\",\"isPartOf\":{\"@id\":\"https:\\\/\\\/www.immo-invest.ch\\\/en\\\/#website\"},\"breadcrumb\":{\"@id\":\"https:\\\/\\\/www.immo-invest.ch\\\/en\\\/geneve-en-route-vers-la-smart-city-3-0\\\/#breadcrumblist\"},\"author\":{\"@id\":\"https:\\\/\\\/www.immo-invest.ch\\\/en\\\/author\\\/immovestuser\\\/#author\"},\"creator\":{\"@id\":\"https:\\\/\\\/www.immo-invest.ch\\\/en\\\/author\\\/immovestuser\\\/#author\"},\"image\":{\"@type\":\"ImageObject\",\"url\":\"https:\\\/\\\/www.immo-invest.ch\\\/wp-content\\\/uploads\\\/2024\\\/07\\\/genf_reitvu.png\",\"@id\":\"https:\\\/\\\/www.immo-invest.ch\\\/en\\\/geneve-en-route-vers-la-smart-city-3-0\\\/#mainImage\",\"width\":1000,\"height\":562},\"primaryImageOfPage\":{\"@id\":\"https:\\\/\\\/www.immo-invest.ch\\\/en\\\/geneve-en-route-vers-la-smart-city-3-0\\\/#mainImage\"},\"datePublished\":\"2024-07-05T14:30:21+02:00\",\"dateModified\":\"2024-07-05T14:39:49+02:00\"},{\"@type\":\"WebSite\",\"@id\":\"https:\\\/\\\/www.immo-invest.ch\\\/en\\\/#website\",\"url\":\"https:\\\/\\\/www.immo-invest.ch\\\/en\\\/\",\"name\":\"immo!nvest - Die Plattform f\\u00fcr Standorte und Immobilien\",\"description\":\"Die\\u00a0Plattform f\\u00fcr Standorte und Immobilien\",\"inLanguage\":\"en-US\",\"publisher\":{\"@id\":\"https:\\\/\\\/www.immo-invest.ch\\\/en\\\/#organization\"}}]}\n\t\t<\/script>\n\t\t<!-- All in One SEO -->\n\n","aioseo_head_json":{"title":"Geneva on the road to Smart City 3.0 - immo!nvest - Die Plattform f\u00fcr Standorte und Immobilien","description":"The canton of Geneva is launching the \"Smart Geneva\" initiative to drive the transition to a Smart City 3.0, based on the Scandinavian model, by networking and promoting projects. The approach aims to put technology to good use in urban development and the fight against climate change, and to create a vibrant, collaborative community.","canonical_url":"https:\/\/www.immo-invest.ch\/en\/geneve-en-route-vers-la-smart-city-3-0\/","robots":"max-image-preview:large","keywords":"","webmasterTools":{"google-site-verification":"fHJKvgWpZCR2zVBHWfkQeFXC11qieUSff0HGNYfuyLA","miscellaneous":""},"schema":{"@context":"https:\/\/schema.org","@graph":[{"@type":"BlogPosting","@id":"https:\/\/www.immo-invest.ch\/en\/geneve-en-route-vers-la-smart-city-3-0\/#blogposting","name":"Geneva on the road to Smart City 3.0 - immo!nvest - Die Plattform f\u00fcr Standorte und Immobilien","headline":"Geneva on the road to Smart City 3.0","author":{"@id":"https:\/\/www.immo-invest.ch\/en\/author\/immovestuser\/#author"},"publisher":{"@id":"https:\/\/www.immo-invest.ch\/en\/#organization"},"image":{"@type":"ImageObject","url":"https:\/\/www.immo-invest.ch\/wp-content\/uploads\/2024\/07\/genf_reitvu.png","width":1000,"height":562},"datePublished":"2024-07-05T14:30:21+02:00","dateModified":"2024-07-05T14:39:49+02:00","inLanguage":"en-US","mainEntityOfPage":{"@id":"https:\/\/www.immo-invest.ch\/en\/geneve-en-route-vers-la-smart-city-3-0\/#webpage"},"isPartOf":{"@id":"https:\/\/www.immo-invest.ch\/en\/geneve-en-route-vers-la-smart-city-3-0\/#webpage"},"articleSection":"Energy, Genf, Sustainability, d\u00e9veloppement urbain durable, \u00e9conomie circulaire, immobilien, Immoinvest, immoNews, int\u00e9gration r\u00e9gionale, protection du climat, r\u00e9chauffement climatique, technologies num\u00e9riques, urbanisation, Optional"},{"@type":"BreadcrumbList","@id":"https:\/\/www.immo-invest.ch\/en\/geneve-en-route-vers-la-smart-city-3-0\/#breadcrumblist","itemListElement":[{"@type":"ListItem","@id":"https:\/\/www.immo-invest.ch\/en\/#listItem","position":1,"name":"Home","item":"https:\/\/www.immo-invest.ch\/en\/","nextItem":{"@type":"ListItem","@id":"https:\/\/www.immo-invest.ch\/en\/category\/regions-en\/#listItem","name":"Regions"}},{"@type":"ListItem","@id":"https:\/\/www.immo-invest.ch\/en\/category\/regions-en\/#listItem","position":2,"name":"Regions","item":"https:\/\/www.immo-invest.ch\/en\/category\/regions-en\/","nextItem":{"@type":"ListItem","@id":"https:\/\/www.immo-invest.ch\/en\/category\/regions-en\/switzerland\/#listItem","name":"Switzerland"},"previousItem":{"@type":"ListItem","@id":"https:\/\/www.immo-invest.ch\/en\/#listItem","name":"Home"}},{"@type":"ListItem","@id":"https:\/\/www.immo-invest.ch\/en\/category\/regions-en\/switzerland\/#listItem","position":3,"name":"Switzerland","item":"https:\/\/www.immo-invest.ch\/en\/category\/regions-en\/switzerland\/","nextItem":{"@type":"ListItem","@id":"https:\/\/www.immo-invest.ch\/en\/category\/regions-en\/switzerland\/lake-geneva-region\/#listItem","name":"Lake Geneva Region"},"previousItem":{"@type":"ListItem","@id":"https:\/\/www.immo-invest.ch\/en\/category\/regions-en\/#listItem","name":"Regions"}},{"@type":"ListItem","@id":"https:\/\/www.immo-invest.ch\/en\/category\/regions-en\/switzerland\/lake-geneva-region\/#listItem","position":4,"name":"Lake Geneva Region","item":"https:\/\/www.immo-invest.ch\/en\/category\/regions-en\/switzerland\/lake-geneva-region\/","nextItem":{"@type":"ListItem","@id":"https:\/\/www.immo-invest.ch\/en\/category\/regions-en\/switzerland\/lake-geneva-region\/genf-en\/#listItem","name":"Genf"},"previousItem":{"@type":"ListItem","@id":"https:\/\/www.immo-invest.ch\/en\/category\/regions-en\/switzerland\/#listItem","name":"Switzerland"}},{"@type":"ListItem","@id":"https:\/\/www.immo-invest.ch\/en\/category\/regions-en\/switzerland\/lake-geneva-region\/genf-en\/#listItem","position":5,"name":"Genf","item":"https:\/\/www.immo-invest.ch\/en\/category\/regions-en\/switzerland\/lake-geneva-region\/genf-en\/","nextItem":{"@type":"ListItem","@id":"https:\/\/www.immo-invest.ch\/en\/geneve-en-route-vers-la-smart-city-3-0\/#listItem","name":"Geneva on the road to Smart City 3.0"},"previousItem":{"@type":"ListItem","@id":"https:\/\/www.immo-invest.ch\/en\/category\/regions-en\/switzerland\/lake-geneva-region\/#listItem","name":"Lake Geneva Region"}},{"@type":"ListItem","@id":"https:\/\/www.immo-invest.ch\/en\/geneve-en-route-vers-la-smart-city-3-0\/#listItem","position":6,"name":"Geneva on the road to Smart City 3.0","previousItem":{"@type":"ListItem","@id":"https:\/\/www.immo-invest.ch\/en\/category\/regions-en\/switzerland\/lake-geneva-region\/genf-en\/#listItem","name":"Genf"}}]},{"@type":"Organization","@id":"https:\/\/www.immo-invest.ch\/en\/#organization","name":"immo!nvest - Die Plattform f\u00fcr Standorte und Immobilien","description":"Die\u00a0Plattform f\u00fcr Standorte und Immobilien","url":"https:\/\/www.immo-invest.ch\/en\/","email":"admin@immomedia.ag","telephone":"+41444420002","logo":{"@type":"ImageObject","url":"https:\/\/www.immo-invest.ch\/wp-content\/uploads\/2024\/09\/immoinvest_sm-scaled.jpg","@id":"https:\/\/www.immo-invest.ch\/en\/geneve-en-route-vers-la-smart-city-3-0\/#organizationLogo","width":2560,"height":1340},"image":{"@id":"https:\/\/www.immo-invest.ch\/en\/geneve-en-route-vers-la-smart-city-3-0\/#organizationLogo"},"sameAs":["https:\/\/www.facebook.com\/people\/Immoinvest\/100077962920504\/","https:\/\/x.com\/i\/flow\/login?redirect_after_login=immoinvest_ch","https:\/\/www.instagram.com\/immoinvest_ch\/","https:\/\/www.linkedin.com\/company\/immoinvest-swiss"]},{"@type":"Person","@id":"https:\/\/www.immo-invest.ch\/en\/author\/immovestuser\/#author","url":"https:\/\/www.immo-invest.ch\/en\/author\/immovestuser\/","name":"immovestuser","image":{"@type":"ImageObject","@id":"https:\/\/www.immo-invest.ch\/en\/geneve-en-route-vers-la-smart-city-3-0\/#authorImage","url":"https:\/\/secure.gravatar.com\/avatar\/8e01f4d99f2eeea7a362ebb93305e1172a70e9293ba250f897a65c39f54cdd1e?s=96&d=mm&r=g","width":96,"height":96,"caption":"immovestuser"}},{"@type":"WebPage","@id":"https:\/\/www.immo-invest.ch\/en\/geneve-en-route-vers-la-smart-city-3-0\/#webpage","url":"https:\/\/www.immo-invest.ch\/en\/geneve-en-route-vers-la-smart-city-3-0\/","name":"Geneva on the road to Smart City 3.0 - immo!nvest - Die Plattform f\u00fcr Standorte und Immobilien","description":"The canton of Geneva is launching the \"Smart Geneva\" initiative to drive the transition to a Smart City 3.0, based on the Scandinavian model, by networking and promoting projects. The approach aims to put technology to good use in urban development and the fight against climate change, and to create a vibrant, collaborative community.","inLanguage":"en-US","isPartOf":{"@id":"https:\/\/www.immo-invest.ch\/en\/#website"},"breadcrumb":{"@id":"https:\/\/www.immo-invest.ch\/en\/geneve-en-route-vers-la-smart-city-3-0\/#breadcrumblist"},"author":{"@id":"https:\/\/www.immo-invest.ch\/en\/author\/immovestuser\/#author"},"creator":{"@id":"https:\/\/www.immo-invest.ch\/en\/author\/immovestuser\/#author"},"image":{"@type":"ImageObject","url":"https:\/\/www.immo-invest.ch\/wp-content\/uploads\/2024\/07\/genf_reitvu.png","@id":"https:\/\/www.immo-invest.ch\/en\/geneve-en-route-vers-la-smart-city-3-0\/#mainImage","width":1000,"height":562},"primaryImageOfPage":{"@id":"https:\/\/www.immo-invest.ch\/en\/geneve-en-route-vers-la-smart-city-3-0\/#mainImage"},"datePublished":"2024-07-05T14:30:21+02:00","dateModified":"2024-07-05T14:39:49+02:00"},{"@type":"WebSite","@id":"https:\/\/www.immo-invest.ch\/en\/#website","url":"https:\/\/www.immo-invest.ch\/en\/","name":"immo!nvest - Die Plattform f\u00fcr Standorte und Immobilien","description":"Die\u00a0Plattform f\u00fcr Standorte und Immobilien","inLanguage":"en-US","publisher":{"@id":"https:\/\/www.immo-invest.ch\/en\/#organization"}}]},"og:locale":"en_US","og:site_name":"immo!nvest - Die Plattform f\u00fcr Standorte und Immobilien - Die\u00a0Plattform f\u00fcr Standorte und Immobilien","og:type":"article","og:title":"Geneva on the road to Smart City 3.0 - immo!nvest - Die Plattform f\u00fcr Standorte und Immobilien","og:description":"The canton of Geneva is launching the &quot;Smart Geneva&quot; initiative to drive the transition to a Smart City 3.0, based on the Scandinavian model, by networking and promoting projects. The approach aims to put technology to good use in urban development and the fight against climate change, and to create a vibrant, collaborative community.","og:url":"https:\/\/www.immo-invest.ch\/en\/geneve-en-route-vers-la-smart-city-3-0\/","og:image":"https:\/\/www.immo-invest.ch\/wp-content\/uploads\/2024\/07\/genf_reitvu.png","og:image:secure_url":"https:\/\/www.immo-invest.ch\/wp-content\/uploads\/2024\/07\/genf_reitvu.png","og:image:width":1000,"og:image:height":562,"article:published_time":"2024-07-05T12:30:21+00:00","article:modified_time":"2024-07-05T12:39:49+00:00","article:publisher":"https:\/\/www.facebook.com\/people\/Immoinvest\/100077962920504\/","twitter:card":"summary_large_image","twitter:site":"@i","twitter:title":"Geneva on the road to Smart City 3.0 - immo!nvest - Die Plattform f\u00fcr Standorte und Immobilien","twitter:description":"The canton of Geneva is launching the &quot;Smart Geneva&quot; initiative to drive the transition to a Smart City 3.0, based on the Scandinavian model, by networking and promoting projects. The approach aims to put technology to good use in urban development and the fight against climate change, and to create a vibrant, collaborative community.","twitter:creator":"@i","twitter:image":"https:\/\/www.immo-invest.ch\/wp-content\/uploads\/2024\/07\/genf_reitvu.png"},"aioseo_meta_data":{"post_id":"104615","title":null,"description":null,"keywords":null,"keyphrases":null,"primary_term":null,"canonical_url":null,"og_title":null,"og_description":null,"og_object_type":"default","og_image_type":"default","og_image_url":null,"og_image_width":null,"og_image_height":null,"og_image_custom_url":null,"og_image_custom_fields":null,"og_video":null,"og_custom_url":null,"og_article_section":null,"og_article_tags":null,"twitter_use_og":false,"twitter_card":"default","twitter_image_type":"default","twitter_image_url":null,"twitter_image_custom_url":null,"twitter_image_custom_fields":null,"twitter_title":null,"twitter_description":null,"schema":{"blockGraphs":[],"customGraphs":[],"default":{"data":{"Article":[],"Course":[],"Dataset":[],"FAQPage":[],"Movie":[],"Person":[],"Product":[],"ProductReview":[],"Car":[],"Recipe":[],"Service":[],"SoftwareApplication":[],"WebPage":[]},"graphName":"","isEnabled":true},"graphs":[]},"schema_type":"default","schema_type_options":null,"pillar_content":false,"robots_default":true,"robots_noindex":false,"robots_noarchive":false,"robots_nosnippet":false,"robots_nofollow":false,"robots_noimageindex":false,"robots_noodp":false,"robots_notranslate":false,"robots_max_snippet":null,"robots_max_videopreview":null,"robots_max_imagepreview":"large","priority":null,"frequency":null,"local_seo":null,"breadcrumb_settings":null,"limit_modified_date":false,"ai":null,"created":"2024-09-20 22:52:58","updated":"2025-10-24 05:10:14","seo_analyzer_scan_date":null,"focus_keyword":null,"additional_keywords":null,"truseo_locale":null},"aioseo_breadcrumb":"<div class=\"aioseo-breadcrumbs\"><span class=\"aioseo-breadcrumb\">\n\t\t\t<a href=\"https:\/\/www.immo-invest.ch\/en\/\" title=\"Home\">Home<\/a>\n\t\t<\/span><span class=\"aioseo-breadcrumb-separator\">&raquo;<\/span><span class=\"aioseo-breadcrumb\">\n\t\t\t<a href=\"https:\/\/www.immo-invest.ch\/en\/category\/regions-en\/\" title=\"Regions\">Regions<\/a>\n\t\t<\/span><span class=\"aioseo-breadcrumb-separator\">&raquo;<\/span><span class=\"aioseo-breadcrumb\">\n\t\t\t<a href=\"https:\/\/www.immo-invest.ch\/en\/category\/regions-en\/switzerland\/\" title=\"Switzerland\">Switzerland<\/a>\n\t\t<\/span><span class=\"aioseo-breadcrumb-separator\">&raquo;<\/span><span class=\"aioseo-breadcrumb\">\n\t\t\t<a href=\"https:\/\/www.immo-invest.ch\/en\/category\/regions-en\/switzerland\/lake-geneva-region\/\" title=\"Lake Geneva Region\">Lake Geneva Region<\/a>\n\t\t<\/span><span class=\"aioseo-breadcrumb-separator\">&raquo;<\/span><span class=\"aioseo-breadcrumb\">\n\t\t\t<a href=\"https:\/\/www.immo-invest.ch\/en\/category\/regions-en\/switzerland\/lake-geneva-region\/genf-en\/\" title=\"Genf\">Genf<\/a>\n\t\t<\/span><span class=\"aioseo-breadcrumb-separator\">&raquo;<\/span><span class=\"aioseo-breadcrumb\">\n\t\t\tGeneva on the road to Smart City 3.0\n\t\t<\/span><\/div>","aioseo_breadcrumb_json":[{"label":"Home","link":"https:\/\/www.immo-invest.ch\/en\/"},{"label":"Regions","link":"https:\/\/www.immo-invest.ch\/en\/category\/regions-en\/"},{"label":"Switzerland","link":"https:\/\/www.immo-invest.ch\/en\/category\/regions-en\/switzerland\/"},{"label":"Lake Geneva Region","link":"https:\/\/www.immo-invest.ch\/en\/category\/regions-en\/switzerland\/lake-geneva-region\/"},{"label":"Genf","link":"https:\/\/www.immo-invest.ch\/en\/category\/regions-en\/switzerland\/lake-geneva-region\/genf-en\/"},{"label":"Geneva on the road to Smart City 3.0","link":"https:\/\/www.immo-invest.ch\/en\/geneve-en-route-vers-la-smart-city-3-0\/"}],"featured_image_src":"https:\/\/www.immo-invest.ch\/wp-content\/uploads\/2024\/07\/genf_reitvu-336x168.png","_links":{"self":[{"href":"https:\/\/www.immo-invest.ch\/en\/wp-json\/wp\/v2\/posts\/104615","targetHints":{"allow":["GET"]}}],"collection":[{"href":"https:\/\/www.immo-invest.ch\/en\/wp-json\/wp\/v2\/posts"}],"about":[{"href":"https:\/\/www.immo-invest.ch\/en\/wp-json\/wp\/v2\/types\/post"}],"author":[{"embeddable":true,"href":"https:\/\/www.immo-invest.ch\/en\/wp-json\/wp\/v2\/users\/2"}],"replies":[{"embeddable":true,"href":"https:\/\/www.immo-invest.ch\/en\/wp-json\/wp\/v2\/comments?post=104615"}],"version-history":[{"count":0,"href":"https:\/\/www.immo-invest.ch\/en\/wp-json\/wp\/v2\/posts\/104615\/revisions"}],"wp:featuredmedia":[{"embeddable":true,"href":"https:\/\/www.immo-invest.ch\/en\/wp-json\/wp\/v2\/media\/104587"}],"wp:attachment":[{"href":"https:\/\/www.immo-invest.ch\/en\/wp-json\/wp\/v2\/media?parent=104615"}],"wp:term":[{"taxonomy":"category","embeddable":true,"href":"https:\/\/www.immo-invest.ch\/en\/wp-json\/wp\/v2\/categories?post=104615"},{"taxonomy":"post_tag","embeddable":true,"href":"https:\/\/www.immo-invest.ch\/en\/wp-json\/wp\/v2\/tags?post=104615"}],"curies":[{"name":"wp","href":"https:\/\/api.w.org\/{rel}","templated":true}]}}